{"id":15232,"date":"2024-11-27T20:20:57","date_gmt":"2024-11-27T19:20:57","guid":{"rendered":"https:\/\/www.sp11.gliwice.pl\/?p=15232"},"modified":"2024-11-27T20:20:57","modified_gmt":"2024-11-27T19:20:57","slug":"pogadanki-profilaktyczne","status":"publish","type":"post","link":"https:\/\/www.sp11.gliwice.pl\/?p=15232","title":{"rendered":"Pogadanki profilaktyczne"},"content":{"rendered":"<p><span style=\"color: #000000;\">W dniu 25.11.2024 r. w klasach 4-8 odby\u0142y si\u0119 spotkania uczni\u00f3w z funkcjonariuszami Wydzia\u0142u Prewencji w Komendzie Miejskiej Policji w Gliwicach. Pogadanki w klasach w temacie &#8222;Odpowiedzialno\u015bci prawnej nieletnich&#8221; oraz &#8222;Bezpiecze\u0144stwa w Internecie, w tym przemocy, mowy nienawi\u015bci&#8221; przeprowadzili st. sier\u017c.- pani Milena Szyma\u0144ska i asp. &#8211; pan Mateusz Pi\u00f3rkowski. Bardzo dzi\u0119kujemy za wsp\u00f3\u0142prac\u0119 i wsparcie w podejmowanych dzia\u0142aniach profilaktycznych.<\/span><\/p>\n<p style=\"text-align: right;\"><em>pedagog szkolny mgr Joanna Magiera<\/em><\/p>\nngg_shortcode_0_placeholder\n","protected":false},"excerpt":{"rendered":"<p>W dniu 25.11.2024 r. w klasach 4-8 odby\u0142y si\u0119 spotkania uczni\u00f3w z funkcjonariuszami Wydzia\u0142u Prewencji w Komendzie Miejskiej Policji w Gliwicach. Pogadanki w klasach w [&hellip;]<\/p>\n","protected":false},"author":3,"featured_media":15233,"comment_status":"closed","ping_status":"closed","sticky":false,"template":"","format":"standard","meta":{"ngg_post_thumbnail":0,"footnotes":""},"categories":[4],"tags":[],"class_list":["post-15232","post","type-post","status-publish","format-standard","has-post-thumbnail","hentry","category-aktualnosci"],"_links":{"self":[{"href":"https:\/\/www.sp11.gliwice.pl\/index.php?rest_route=\/wp\/v2\/posts\/15232","targetHints":{"allow":["GET"]}}],"collection":[{"href":"https:\/\/www.sp11.gliwice.pl\/index.php?rest_route=\/wp\/v2\/posts"}],"about":[{"href":"https:\/\/www.sp11.gliwice.pl\/index.php?rest_route=\/wp\/v2\/types\/post"}],"author":[{"embeddable":true,"href":"https:\/\/www.sp11.gliwice.pl\/index.php?rest_route=\/wp\/v2\/users\/3"}],"replies":[{"embeddable":true,"href":"https:\/\/www.sp11.gliwice.pl\/index.php?rest_route=%2Fwp%2Fv2%2Fcomments&post=15232"}],"version-history":[{"count":1,"href":"https:\/\/www.sp11.gliwice.pl\/index.php?rest_route=\/wp\/v2\/posts\/15232\/revisions"}],"predecessor-version":[{"id":15234,"href":"https:\/\/www.sp11.gliwice.pl\/index.php?rest_route=\/wp\/v2\/posts\/15232\/revisions\/15234"}],"wp:featuredmedia":[{"embeddable":true,"href":"https:\/\/www.sp11.gliwice.pl\/index.php?rest_route=\/wp\/v2\/media\/15233"}],"wp:attachment":[{"href":"https:\/\/www.sp11.gliwice.pl\/index.php?rest_route=%2Fwp%2Fv2%2Fmedia&parent=15232"}],"wp:term":[{"taxonomy":"category","embeddable":true,"href":"https:\/\/www.sp11.gliwice.pl\/index.php?rest_route=%2Fwp%2Fv2%2Fcategories&post=15232"},{"taxonomy":"post_tag","embeddable":true,"href":"https:\/\/www.sp11.gliwice.pl\/index.php?rest_route=%2Fwp%2Fv2%2Ftags&post=15232"}],"curies":[{"name":"wp","href":"https:\/\/api.w.org\/{rel}","templated":true}]}}