{"id":15213,"date":"2024-11-27T19:30:47","date_gmt":"2024-11-27T18:30:47","guid":{"rendered":"https:\/\/www.sp11.gliwice.pl\/?p=15213"},"modified":"2024-11-27T19:30:47","modified_gmt":"2024-11-27T18:30:47","slug":"dzien-misia-i-pizama-party","status":"publish","type":"post","link":"https:\/\/www.sp11.gliwice.pl\/?p=15213","title":{"rendered":"Dzie\u0144 Misia i pi\u017cama party :)"},"content":{"rendered":"<p><span style=\"color: #000000;\">Dzisiejszy dzie\u0144 by\u0142 pe\u0142en wra\u017ce\u0144 i zabaw. \u015awi\u0119towali\u015bmy Dzie\u0144 Pluszowego Misia, a dla dope\u0142nienia atrakcji jednocze\u015bnie zorganizowali\u015bmy Pi\u017cama Party. I dziewczynki i ch\u0142opaki do przedszkola przyszli w pi\u0119knych kolorowych pi\u017camach wraz ze swoim ulubionym pluszowym misiem. Dzieci bra\u0142y udzia\u0142 w wielu zabawach tematycznych oraz wykona\u0142y pi\u0119kne prace plastyczne. Na podsumowanie tych wydarze\u0144 ka\u017cde sala przedszkolna zamieni\u0142a si\u0119 na chwile w sale kinow\u0105. Przedszkolaki zajadaj\u0105c si\u0119 popcornem ogl\u0105da\u0142y swoje ulubione bajki na wielkim ekranie.<\/span><\/p>\n<p style=\"text-align: right;\"><em>mgr Katarzyna P\u0142onka<\/em><\/p>\nngg_shortcode_0_placeholder\n","protected":false},"excerpt":{"rendered":"<p>Dzisiejszy dzie\u0144 by\u0142 pe\u0142en wra\u017ce\u0144 i zabaw. \u015awi\u0119towali\u015bmy Dzie\u0144 Pluszowego Misia, a dla dope\u0142nienia atrakcji jednocze\u015bnie zorganizowali\u015bmy Pi\u017cama Party. I dziewczynki i ch\u0142opaki do przedszkola [&hellip;]<\/p>\n","protected":false},"author":3,"featured_media":15214,"comment_status":"closed","ping_status":"closed","sticky":false,"template":"","format":"standard","meta":{"ngg_post_thumbnail":0,"footnotes":""},"categories":[4],"tags":[],"class_list":["post-15213","post","type-post","status-publish","format-standard","has-post-thumbnail","hentry","category-aktualnosci"],"_links":{"self":[{"href":"https:\/\/www.sp11.gliwice.pl\/index.php?rest_route=\/wp\/v2\/posts\/15213","targetHints":{"allow":["GET"]}}],"collection":[{"href":"https:\/\/www.sp11.gliwice.pl\/index.php?rest_route=\/wp\/v2\/posts"}],"about":[{"href":"https:\/\/www.sp11.gliwice.pl\/index.php?rest_route=\/wp\/v2\/types\/post"}],"author":[{"embeddable":true,"href":"https:\/\/www.sp11.gliwice.pl\/index.php?rest_route=\/wp\/v2\/users\/3"}],"replies":[{"embeddable":true,"href":"https:\/\/www.sp11.gliwice.pl\/index.php?rest_route=%2Fwp%2Fv2%2Fcomments&post=15213"}],"version-history":[{"count":1,"href":"https:\/\/www.sp11.gliwice.pl\/index.php?rest_route=\/wp\/v2\/posts\/15213\/revisions"}],"predecessor-version":[{"id":15215,"href":"https:\/\/www.sp11.gliwice.pl\/index.php?rest_route=\/wp\/v2\/posts\/15213\/revisions\/15215"}],"wp:featuredmedia":[{"embeddable":true,"href":"https:\/\/www.sp11.gliwice.pl\/index.php?rest_route=\/wp\/v2\/media\/15214"}],"wp:attachment":[{"href":"https:\/\/www.sp11.gliwice.pl\/index.php?rest_route=%2Fwp%2Fv2%2Fmedia&parent=15213"}],"wp:term":[{"taxonomy":"category","embeddable":true,"href":"https:\/\/www.sp11.gliwice.pl\/index.php?rest_route=%2Fwp%2Fv2%2Fcategories&post=15213"},{"taxonomy":"post_tag","embeddable":true,"href":"https:\/\/www.sp11.gliwice.pl\/index.php?rest_route=%2Fwp%2Fv2%2Ftags&post=15213"}],"curies":[{"name":"wp","href":"https:\/\/api.w.org\/{rel}","templated":true}]}}