{"id":15190,"date":"2024-11-24T22:02:59","date_gmt":"2024-11-24T21:02:59","guid":{"rendered":"https:\/\/www.sp11.gliwice.pl\/?p=15190"},"modified":"2024-11-24T22:02:59","modified_gmt":"2024-11-24T21:02:59","slug":"dzien-zyczliwosci-2","status":"publish","type":"post","link":"https:\/\/www.sp11.gliwice.pl\/?p=15190","title":{"rendered":"Dzie\u0144 \u017byczliwo\u015bci :)"},"content":{"rendered":"<p><span style=\"color: #000000;\">21 listopada obchodzimy \u015awiatowy Dzie\u0144 \u017byczliwo\u015bci \u2013 dzie\u0144, kt\u00f3ry ma na celu przypomnienie o sile uprzedze\u0144, wsp\u00f3\u0142czucia i drobnych gest\u00f3w, kt\u00f3re mog\u0105 zdzia\u0142a\u0107 prawdziwe cuda w codziennym \u017cyciu.<\/span><\/p>\n<p><span style=\"color: #000000;\">W oczekiwaniu na ten dzie\u0144 klasy, wraz z wychowawcami, przygotowa\u0142y Drzewa \u017byczliwo\u015bci, bogate w \u017cyczliwe s\u0142owa. Podczas szkolnych obchod\u00f3w tego dnia, nasze Szkolne Ko\u0142o Wolontariatu ,,Pomocne Serca\u201d, wraz z opiekunami, przygotowa\u0142o plakaty, karteczki z \u017cyczliwymi has\u0142ami dla wszystkich, warsztaty dotycz\u0105ce \u017cyczliwo\u015bci w klasach 1 \u2013 5, przeprowadzone przez wolontariuszki z klasy 7a.<\/span><\/p>\n<p><span style=\"color: #000000;\">Ponadto, w klasach uczniowie wybrali spo\u015br\u00f3d siebie tych naj\u017cyczliwszych:<\/span><\/p>\n<p><span style=\"color: #000000;\">Klasa 1A &#8211; Jan Prus<\/span><\/p>\n<p><span style=\"color: #000000;\">Klasa 1B &#8211; Kornelia Krawiec<\/span><\/p>\n<p><span style=\"color: #000000;\">Klasa 2A &#8211; Karol Wojdyna<\/span><\/p>\n<p><span style=\"color: #000000;\">Klasa 3A &#8211; Sara Zdeb<\/span><\/p>\n<p><span style=\"color: #000000;\">Klasa 3B &#8211; Julia Jurek<\/span><\/p>\n<p><span style=\"color: #000000;\">Klasa 4A &#8211; Milena Badziura<\/span><\/p>\n<p><span style=\"color: #000000;\">Klasa 5A &#8211; Krzysztof Krzeszowiak<\/span><\/p>\n<p><span style=\"color: #000000;\">Klasa 6 \u2013 Wiktor Syst<\/span><\/p>\n<p><span style=\"color: #000000;\">Klasa 7A \u2013 Zuzanna W\u0105sik<\/span><\/p>\n<p><span style=\"color: #000000;\">Klasa 8A &#8211; Cassandra Kwieci\u0144ska-Brylok.<\/span><\/p>\n<p><span style=\"color: #000000;\">Na koniec nie oby\u0142o si\u0119 bez pysznych babeczek i s\u0142odkich galaretek, przygotowanych przez uczni\u00f3w, rodzic\u00f3w, nauczycieli naszej szko\u0142y.<\/span><\/p>\n<p><span style=\"color: #000000;\">Serdecznie DZI\u0118KUJEMY za wsparcie i \u017cyczliwo\u015b\u0107!<\/span><\/p>\n<p><span style=\"color: #000000;\">Ca\u0142kowity doch\u00f3d (1260z\u0142) zostanie przeznaczony na zakup materia\u0142\u00f3w plastycznych dla dzieci z pieczy zast\u0119pczej.<\/span><\/p>\n<p><span style=\"color: #000000;\">Zach\u0119camy do obejrzenia filmu z tego wspania\u0142ego dnia, pami\u0119taj\u0105c o byciu \u017bYCZLIWYM przez ca\u0142y rok \ud83d\ude0a<\/span><\/p>\n<h4><a href=\"https:\/\/youtu.be\/VMqD9K3TRmE\" target=\"_blank\" rel=\"noopener\"><strong><span style=\"color: #000000;\">film \ud83d\ude42<\/span> <\/strong><\/a><\/h4>\nngg_shortcode_0_placeholder\n","protected":false},"excerpt":{"rendered":"<p>21 listopada obchodzimy \u015awiatowy Dzie\u0144 \u017byczliwo\u015bci \u2013 dzie\u0144, kt\u00f3ry ma na celu przypomnienie o sile uprzedze\u0144, wsp\u00f3\u0142czucia i drobnych gest\u00f3w, kt\u00f3re mog\u0105 zdzia\u0142a\u0107 prawdziwe cuda [&hellip;]<\/p>\n","protected":false},"author":3,"featured_media":15191,"comment_status":"closed","ping_status":"closed","sticky":false,"template":"","format":"standard","meta":{"ngg_post_thumbnail":0,"footnotes":""},"categories":[4],"tags":[],"class_list":["post-15190","post","type-post","status-publish","format-standard","has-post-thumbnail","hentry","category-aktualnosci"],"_links":{"self":[{"href":"https:\/\/www.sp11.gliwice.pl\/index.php?rest_route=\/wp\/v2\/posts\/15190","targetHints":{"allow":["GET"]}}],"collection":[{"href":"https:\/\/www.sp11.gliwice.pl\/index.php?rest_route=\/wp\/v2\/posts"}],"about":[{"href":"https:\/\/www.sp11.gliwice.pl\/index.php?rest_route=\/wp\/v2\/types\/post"}],"author":[{"embeddable":true,"href":"https:\/\/www.sp11.gliwice.pl\/index.php?rest_route=\/wp\/v2\/users\/3"}],"replies":[{"embeddable":true,"href":"https:\/\/www.sp11.gliwice.pl\/index.php?rest_route=%2Fwp%2Fv2%2Fcomments&post=15190"}],"version-history":[{"count":1,"href":"https:\/\/www.sp11.gliwice.pl\/index.php?rest_route=\/wp\/v2\/posts\/15190\/revisions"}],"predecessor-version":[{"id":15192,"href":"https:\/\/www.sp11.gliwice.pl\/index.php?rest_route=\/wp\/v2\/posts\/15190\/revisions\/15192"}],"wp:featuredmedia":[{"embeddable":true,"href":"https:\/\/www.sp11.gliwice.pl\/index.php?rest_route=\/wp\/v2\/media\/15191"}],"wp:attachment":[{"href":"https:\/\/www.sp11.gliwice.pl\/index.php?rest_route=%2Fwp%2Fv2%2Fmedia&parent=15190"}],"wp:term":[{"taxonomy":"category","embeddable":true,"href":"https:\/\/www.sp11.gliwice.pl\/index.php?rest_route=%2Fwp%2Fv2%2Fcategories&post=15190"},{"taxonomy":"post_tag","embeddable":true,"href":"https:\/\/www.sp11.gliwice.pl\/index.php?rest_route=%2Fwp%2Fv2%2Ftags&post=15190"}],"curies":[{"name":"wp","href":"https:\/\/api.w.org\/{rel}","templated":true}]}}