{"id":15185,"date":"2024-11-22T11:51:52","date_gmt":"2024-11-22T10:51:52","guid":{"rendered":"https:\/\/www.sp11.gliwice.pl\/?p=15185"},"modified":"2024-11-22T11:51:52","modified_gmt":"2024-11-22T10:51:52","slug":"dzien-kredki-w-przedszkolu-2","status":"publish","type":"post","link":"https:\/\/www.sp11.gliwice.pl\/?p=15185","title":{"rendered":"Dzie\u0144 Kredki w przedszkolu :)"},"content":{"rendered":"<p><span style=\"color: #339966;\">Kolorowe kredki bardzo lubi\u0105 mnie,<\/span><br \/>\n<span style=\"color: #ff6600;\">Kolorowe kredki kiedy je poprosz\u0119,<\/span><br \/>\n<span style=\"color: #3366ff;\">Namaluj\u0105 wszystko to co chc\u0119.<\/span><br \/>\n<span style=\"color: #ffcc00;\">Prawdziw\u0105 rakiet\u0119 namaluj\u0105 mi.<\/span><\/p>\n<p><span style=\"color: #000000;\">Dzi\u015b 22.11.2024 w naszym przedszkolu swoje \u015bwi\u0119to obchodzi\u0142y kredki. \u015awi\u0119to to w znacz\u0105cy spos\u00f3b wi\u0105\u017ce si\u0119 z najm\u0142odszymi, bowiem to dzi\u0119ki kredkom mog\u0105 one wyra\u017ca\u0107 swoje emocje, ucz\u0105 si\u0119 tw\u00f3rczego my\u015blenia oraz rozwijaj\u0105 wyobra\u017ani\u0119. Rysowanie to wspania\u0142a przygoda i wa\u017cne do\u015bwiadczenie dla ka\u017cdego dziecka. Kredka towarzyszy im przez d\u0142ugie lata: w domu, przedszkolu oraz szkole.<\/span><\/p>\n<p><span style=\"color: #000000;\">Od samego rana w naszym przedszkolu panowa\u0142a mi\u0142a atmosfera, dzieci dopasowywa\u0142y obrazki do odpowiednich kolor\u00f3w kredek, tworzy\u0142y zbiory wed\u0142ug kryterium koloru, kszta\u0142tu, wielko\u015bci, rodzaju, Wykona\u0142y r\u00f3wnie\u017c pi\u0119kne prace plastyczne, kt\u00f3re ozdobi\u0142y przedszkolne galerie prac.<\/span><\/p>\n<p style=\"text-align: right;\"><em>mgr Katarzyna Szyd\u0142o<\/em><\/p>\nngg_shortcode_0_placeholder\n","protected":false},"excerpt":{"rendered":"<p>Kolorowe kredki bardzo lubi\u0105 mnie, Kolorowe kredki kiedy je poprosz\u0119, Namaluj\u0105 wszystko to co chc\u0119. Prawdziw\u0105 rakiet\u0119 namaluj\u0105 mi. Dzi\u015b 22.11.2024 w naszym przedszkolu swoje [&hellip;]<\/p>\n","protected":false},"author":3,"featured_media":15186,"comment_status":"closed","ping_status":"closed","sticky":false,"template":"","format":"standard","meta":{"ngg_post_thumbnail":0,"footnotes":""},"categories":[4],"tags":[],"class_list":["post-15185","post","type-post","status-publish","format-standard","has-post-thumbnail","hentry","category-aktualnosci"],"_links":{"self":[{"href":"https:\/\/www.sp11.gliwice.pl\/index.php?rest_route=\/wp\/v2\/posts\/15185","targetHints":{"allow":["GET"]}}],"collection":[{"href":"https:\/\/www.sp11.gliwice.pl\/index.php?rest_route=\/wp\/v2\/posts"}],"about":[{"href":"https:\/\/www.sp11.gliwice.pl\/index.php?rest_route=\/wp\/v2\/types\/post"}],"author":[{"embeddable":true,"href":"https:\/\/www.sp11.gliwice.pl\/index.php?rest_route=\/wp\/v2\/users\/3"}],"replies":[{"embeddable":true,"href":"https:\/\/www.sp11.gliwice.pl\/index.php?rest_route=%2Fwp%2Fv2%2Fcomments&post=15185"}],"version-history":[{"count":1,"href":"https:\/\/www.sp11.gliwice.pl\/index.php?rest_route=\/wp\/v2\/posts\/15185\/revisions"}],"predecessor-version":[{"id":15187,"href":"https:\/\/www.sp11.gliwice.pl\/index.php?rest_route=\/wp\/v2\/posts\/15185\/revisions\/15187"}],"wp:featuredmedia":[{"embeddable":true,"href":"https:\/\/www.sp11.gliwice.pl\/index.php?rest_route=\/wp\/v2\/media\/15186"}],"wp:attachment":[{"href":"https:\/\/www.sp11.gliwice.pl\/index.php?rest_route=%2Fwp%2Fv2%2Fmedia&parent=15185"}],"wp:term":[{"taxonomy":"category","embeddable":true,"href":"https:\/\/www.sp11.gliwice.pl\/index.php?rest_route=%2Fwp%2Fv2%2Fcategories&post=15185"},{"taxonomy":"post_tag","embeddable":true,"href":"https:\/\/www.sp11.gliwice.pl\/index.php?rest_route=%2Fwp%2Fv2%2Ftags&post=15185"}],"curies":[{"name":"wp","href":"https:\/\/api.w.org\/{rel}","templated":true}]}}