{"id":15172,"date":"2024-11-22T09:30:13","date_gmt":"2024-11-22T08:30:13","guid":{"rendered":"https:\/\/www.sp11.gliwice.pl\/?p=15172"},"modified":"2024-11-22T09:30:13","modified_gmt":"2024-11-22T08:30:13","slug":"pasowanie-na-przedszkolaka-4","status":"publish","type":"post","link":"https:\/\/www.sp11.gliwice.pl\/?p=15172","title":{"rendered":"Pasowanie na przedszkolaka"},"content":{"rendered":"<p><span style=\"color: #000000;\">21 listopada 2024 roku w naszym przedszkolu odby\u0142a si\u0119 bardzo wa\u017cna uroczysto\u015b\u0107 dla wszystkich przedszkolak\u00f3w &#8211; \u015blubowanie. Jest to wyj\u0105tkowe wydarzenie dla dzieci, kt\u00f3re od wrze\u015bnia br. w grupie Je\u017cyk\u00f3w rozpocz\u0119\u0142y swoj\u0105 przygod\u0119 z naszym przedszkolem, jak i dla rodzic\u00f3w, kt\u00f3rzy z dum\u0105 obserwowali wyst\u0119py swoich pociech. Mali arty\u015bci w od\u015bwi\u0119tnych strojach zaprezentowali przed rodzicami i zaproszonymi go\u015b\u0107mi swoje umiej\u0119tno\u015bci, dzi\u0119ki kt\u00f3rym pokazali jak du\u017co ju\u017c potrafi\u0105. By\u0142y ta\u0144ce, piosenki i wierszyki. Dzieci z\u0142o\u017cy\u0142y r\u00f3wnie\u017c przysi\u0119g\u0119 i obieca\u0142y, \u017ce b\u0119d\u0105 przychodzi\u0107 do przedszkola w radosnym nastroju, zgodnie si\u0119 bawi\u0107 i pomaga\u0107 sobie nawzajem. Publiczno\u015b\u0107 nagrodzi\u0142a wyst\u0119puj\u0105ce dzieci gromkimi i zas\u0142u\u017conymi brawami. Po cz\u0119\u015bci artystycznej Pan Dyrektor przy pomocy ogromnej kredki dokona\u0142 uroczystego pasowania na przedszkolaka. Tym samym najm\u0142odsza grupa oficjalnie do\u0142\u0105czy\u0142a do spo\u0142eczno\u015bci SP11 w Gliwicach. Na pami\u0105tk\u0119 tego dnia ka\u017cde dziecko otrzyma\u0142o drobny upominek. Wszystkim dzieciakom \u017cyczymy u\u015bmiechu ka\u017cdego dnia oraz samych radosnych chwil sp\u0119dzonych w naszym przedszkolu.<\/span><\/p>\n<p style=\"text-align: right;\"><em>mgr Natalia Jarocka<\/em><\/p>\nngg_shortcode_0_placeholder\n","protected":false},"excerpt":{"rendered":"<p>21 listopada 2024 roku w naszym przedszkolu odby\u0142a si\u0119 bardzo wa\u017cna uroczysto\u015b\u0107 dla wszystkich przedszkolak\u00f3w &#8211; \u015blubowanie. Jest to wyj\u0105tkowe wydarzenie dla dzieci, kt\u00f3re od [&hellip;]<\/p>\n","protected":false},"author":3,"featured_media":15173,"comment_status":"closed","ping_status":"closed","sticky":false,"template":"","format":"standard","meta":{"ngg_post_thumbnail":0,"footnotes":""},"categories":[4],"tags":[],"class_list":["post-15172","post","type-post","status-publish","format-standard","has-post-thumbnail","hentry","category-aktualnosci"],"_links":{"self":[{"href":"https:\/\/www.sp11.gliwice.pl\/index.php?rest_route=\/wp\/v2\/posts\/15172","targetHints":{"allow":["GET"]}}],"collection":[{"href":"https:\/\/www.sp11.gliwice.pl\/index.php?rest_route=\/wp\/v2\/posts"}],"about":[{"href":"https:\/\/www.sp11.gliwice.pl\/index.php?rest_route=\/wp\/v2\/types\/post"}],"author":[{"embeddable":true,"href":"https:\/\/www.sp11.gliwice.pl\/index.php?rest_route=\/wp\/v2\/users\/3"}],"replies":[{"embeddable":true,"href":"https:\/\/www.sp11.gliwice.pl\/index.php?rest_route=%2Fwp%2Fv2%2Fcomments&post=15172"}],"version-history":[{"count":1,"href":"https:\/\/www.sp11.gliwice.pl\/index.php?rest_route=\/wp\/v2\/posts\/15172\/revisions"}],"predecessor-version":[{"id":15174,"href":"https:\/\/www.sp11.gliwice.pl\/index.php?rest_route=\/wp\/v2\/posts\/15172\/revisions\/15174"}],"wp:featuredmedia":[{"embeddable":true,"href":"https:\/\/www.sp11.gliwice.pl\/index.php?rest_route=\/wp\/v2\/media\/15173"}],"wp:attachment":[{"href":"https:\/\/www.sp11.gliwice.pl\/index.php?rest_route=%2Fwp%2Fv2%2Fmedia&parent=15172"}],"wp:term":[{"taxonomy":"category","embeddable":true,"href":"https:\/\/www.sp11.gliwice.pl\/index.php?rest_route=%2Fwp%2Fv2%2Fcategories&post=15172"},{"taxonomy":"post_tag","embeddable":true,"href":"https:\/\/www.sp11.gliwice.pl\/index.php?rest_route=%2Fwp%2Fv2%2Ftags&post=15172"}],"curies":[{"name":"wp","href":"https:\/\/api.w.org\/{rel}","templated":true}]}}