{"id":15119,"date":"2024-11-17T22:27:03","date_gmt":"2024-11-17T21:27:03","guid":{"rendered":"https:\/\/www.sp11.gliwice.pl\/?p=15119"},"modified":"2024-11-17T22:27:03","modified_gmt":"2024-11-17T21:27:03","slug":"%f0%9f%92%99miedzynarodowy-dzien-praw-dziecka-i-tolerancji%f0%9f%92%99","status":"publish","type":"post","link":"https:\/\/www.sp11.gliwice.pl\/?p=15119","title":{"rendered":"\ud83d\udc99Mi\u0119dzynarodowy Dzie\u0144 Praw Dziecka i Tolerancji\ud83d\udc99"},"content":{"rendered":"<p><span style=\"color: #000000;\">W naszym przedszkolu obchody tego dnia mia\u0142y miejsce 15 listopada. We wszystkich grupach przedszkolnych zosta\u0142y przeprowadzone zaj\u0119cia o prawach dziecka i tolerancji, szacunku, akceptacji oraz r\u00f3\u017cnorodno\u015bci kultur na \u015bwiecie. Uchwalona w 1989 roku Konwencja o prawach dziecka gwarantuje wszystkim dzieciom r\u00f3wno\u015b\u0107 wobec prawa.&#8221;Dziecko ma prawo by\u0107 sob\u0105. Ma prawo do pope\u0142niania b\u0142\u0119d\u00f3w. Ma prawo do posiadania w\u0142asnego zdania. Ma prawo do szacunku. Nie ma dzieci- s\u0105 ludzie.&#8221; Janusz Korczak<\/span><\/p>\n<p style=\"text-align: right;\"><em>Joanna Aleksander<\/em><\/p>\nngg_shortcode_0_placeholder\n","protected":false},"excerpt":{"rendered":"<p>W naszym przedszkolu obchody tego dnia mia\u0142y miejsce 15 listopada. We wszystkich grupach przedszkolnych zosta\u0142y przeprowadzone zaj\u0119cia o prawach dziecka i tolerancji, szacunku, akceptacji oraz [&hellip;]<\/p>\n","protected":false},"author":3,"featured_media":15120,"comment_status":"closed","ping_status":"closed","sticky":false,"template":"","format":"standard","meta":{"ngg_post_thumbnail":0,"footnotes":""},"categories":[4],"tags":[],"class_list":["post-15119","post","type-post","status-publish","format-standard","has-post-thumbnail","hentry","category-aktualnosci"],"_links":{"self":[{"href":"https:\/\/www.sp11.gliwice.pl\/index.php?rest_route=\/wp\/v2\/posts\/15119","targetHints":{"allow":["GET"]}}],"collection":[{"href":"https:\/\/www.sp11.gliwice.pl\/index.php?rest_route=\/wp\/v2\/posts"}],"about":[{"href":"https:\/\/www.sp11.gliwice.pl\/index.php?rest_route=\/wp\/v2\/types\/post"}],"author":[{"embeddable":true,"href":"https:\/\/www.sp11.gliwice.pl\/index.php?rest_route=\/wp\/v2\/users\/3"}],"replies":[{"embeddable":true,"href":"https:\/\/www.sp11.gliwice.pl\/index.php?rest_route=%2Fwp%2Fv2%2Fcomments&post=15119"}],"version-history":[{"count":1,"href":"https:\/\/www.sp11.gliwice.pl\/index.php?rest_route=\/wp\/v2\/posts\/15119\/revisions"}],"predecessor-version":[{"id":15121,"href":"https:\/\/www.sp11.gliwice.pl\/index.php?rest_route=\/wp\/v2\/posts\/15119\/revisions\/15121"}],"wp:featuredmedia":[{"embeddable":true,"href":"https:\/\/www.sp11.gliwice.pl\/index.php?rest_route=\/wp\/v2\/media\/15120"}],"wp:attachment":[{"href":"https:\/\/www.sp11.gliwice.pl\/index.php?rest_route=%2Fwp%2Fv2%2Fmedia&parent=15119"}],"wp:term":[{"taxonomy":"category","embeddable":true,"href":"https:\/\/www.sp11.gliwice.pl\/index.php?rest_route=%2Fwp%2Fv2%2Fcategories&post=15119"},{"taxonomy":"post_tag","embeddable":true,"href":"https:\/\/www.sp11.gliwice.pl\/index.php?rest_route=%2Fwp%2Fv2%2Ftags&post=15119"}],"curies":[{"name":"wp","href":"https:\/\/api.w.org\/{rel}","templated":true}]}}