{"id":15075,"date":"2024-11-17T20:17:01","date_gmt":"2024-11-17T19:17:01","guid":{"rendered":"https:\/\/www.sp11.gliwice.pl\/?p=15075"},"modified":"2024-11-17T20:17:01","modified_gmt":"2024-11-17T19:17:01","slug":"miedzynarodowy-dzien-tolerancji","status":"publish","type":"post","link":"https:\/\/www.sp11.gliwice.pl\/?p=15075","title":{"rendered":"\u201eMi\u0119dzynarodowy Dzie\u0144 Tolerancji\u201d"},"content":{"rendered":"<p>&nbsp;<span style=\"color: #000000;\">Mi\u0119dzynarodowy Dzie\u0144 Tolerancji jest \u015bwi\u0119tem obchodzonym corocznie 16 listopada, a zosta\u0142o ustanowione 12 grudnia 1995 roku przez Zgromadzenie Og\u00f3lne ONZ. <\/span><span style=\"color: #000000;\">Mi\u0119dzynarodowy Dzie\u0144 Tolerancji ma na celu zwi\u0119kszenie \u015bwiadomo\u015bci spo\u0142ecze\u0144stwa o problemie nietolerancji, nacjonalizmu, rasizmu i prze\u015bladowania mniejszo\u015bci.<\/span><\/p>\n<p><span style=\"color: #000000;\">Tolerancja to poszanowanie ludzi o innym kolorze sk\u00f3ry, innej wierze, nacji i innych pogl\u0105dach. <\/span><span style=\"color: #000000;\">Jest to tak\u017ce cierpliwo\u015b\u0107 i wyrozumia\u0142o\u015b\u0107 dla odmienno\u015bci, a tak\u017ce nie narzucanie w\u0142asnych pogl\u0105d\u00f3w, wiary i warto\u015bci innym ludziom.<\/span><\/p>\n<p><span style=\"color: #000000;\">Z tej okazji opiekunki Szkolnego Ko\u0142a Wolontariatu SP 11 \u201ePomocne Serca\u201d og\u0142osi\u0142y konkurs plastyczny pt.: \u201eKolory Tolerancji\u201d dla ca\u0142ej spo\u0142eczno\u015bci szkolnej.<\/span><\/p>\n<p><span style=\"color: #000000;\">W konkursie wzi\u0119li udzia\u0142 uczniowie z klas: od trzeciej do \u00f3smej. Prace zosta\u0142y podzielone na trzy kategorie wiekowe:<\/span><\/p>\n<p><span style=\"color: #000000;\">kategoria I \u2013 klasy I \u2013 III<\/span><\/p>\n<p><span style=\"color: #000000;\">kategoria II \u2013 klasy IV \u2013 VI<\/span><\/p>\n<p><span style=\"color: #000000;\">kategoria III \u2013 klasy VII \u2013 VIII.<\/span><\/p>\n<p><span style=\"color: #000000;\">Jury w sk\u0142adzie: pani Alicja Cielesta, Jolanta Lisowska i Urszula Skubacz wy\u0142oni\u0142y laureat\u00f3w konkursu.<\/span><\/p>\n<p><span style=\"color: #000000;\">Kategoria I<\/span><\/p>\n<p><strong><span style=\"color: #000000;\">I miejsce \u2013 Ania Lulek z klasy 3 b<\/span><\/strong><\/p>\n<p><span style=\"color: #000000;\">Kategoria II<\/span><\/p>\n<p><strong><span style=\"color: #000000;\">I miejsce \u2013 Oliwia Suszczyk z klasy 5<\/span><\/strong><\/p>\n<p><strong><span style=\"color: #000000;\">II miejsce \u2013 Julia Marmol z klasy 5<\/span><\/strong><\/p>\n<p><strong><span style=\"color: #000000;\">III miejsce \u2013 Miko\u0142aj Sobieski z klasy 4<\/span><\/strong><\/p>\n<p><strong><span style=\"color: #000000;\">III&nbsp; miejsce \u2013 Kaja Zdeb z klasy 5<\/span><\/strong><\/p>\n<p><span style=\"color: #000000;\">Kategoria III<\/span><\/p>\n<p><strong><span style=\"color: #000000;\">I miejsce \u2013 Wiktoria Dr\u0105\u017cczak z klasy 8<\/span><\/strong><\/p>\n<p><strong><span style=\"color: #000000;\">II miejsce \u2013 Zuzanna Pyka<\/span><\/strong><\/p>\n<p><strong><span style=\"color: #000000;\">III&nbsp; miejsce \u2013 Hanna Szewczyk z klasy 8<\/span><\/strong><\/p>\n<p>&nbsp;<\/p>\n<p><span style=\"color: #000000;\">Wyr\u00f3\u017cnienia otrzymali:<\/span><\/p>\n<p><strong><span style=\"color: #000000;\">Emilia Gumu\u0142a z klasy 5<\/span><\/strong><\/p>\n<p><strong><span style=\"color: #000000;\">Paulina Pagacz z klasy 6<\/span><\/strong><\/p>\n<p><strong><span style=\"color: #000000;\">Wojciech Pia\u015bci\u0144ski z klasy 8.<\/span><\/strong><\/p>\n<p><span style=\"color: #000000;\">Serdecznie dzi\u0119kujemy wszystkim uczestnikom za udzia\u0142 w konkursie.<\/span><\/p>\n<p><span style=\"color: #000000;\">Wszyscy uczestnicy konkursu zostali nagrodzeni dyplomami, nagrodami rzeczowymi oraz s\u0142odko\u015bciami.<\/span><\/p>\n<p><span style=\"color: #000000;\">Jak zwykle niezawodnie Rada Rodzic\u00f3w SP 11 im. Hugona Ko\u0142\u0142\u0105taja w Gliwicach ufundowa\u0142a nagrody dla naszych laureat\u00f3w, za co z ca\u0142ego serca dzi\u0119kujemy. \ud83d\ude42<br \/>\n<\/span><\/p>\nngg_shortcode_0_placeholder\n","protected":false},"excerpt":{"rendered":"<p>&nbsp;Mi\u0119dzynarodowy Dzie\u0144 Tolerancji jest \u015bwi\u0119tem obchodzonym corocznie 16 listopada, a zosta\u0142o ustanowione 12 grudnia 1995 roku przez Zgromadzenie Og\u00f3lne ONZ. Mi\u0119dzynarodowy Dzie\u0144 Tolerancji ma na [&hellip;]<\/p>\n","protected":false},"author":3,"featured_media":15076,"comment_status":"closed","ping_status":"closed","sticky":false,"template":"","format":"standard","meta":{"ngg_post_thumbnail":0,"footnotes":""},"categories":[4],"tags":[],"class_list":["post-15075","post","type-post","status-publish","format-standard","has-post-thumbnail","hentry","category-aktualnosci"],"_links":{"self":[{"href":"https:\/\/www.sp11.gliwice.pl\/index.php?rest_route=\/wp\/v2\/posts\/15075","targetHints":{"allow":["GET"]}}],"collection":[{"href":"https:\/\/www.sp11.gliwice.pl\/index.php?rest_route=\/wp\/v2\/posts"}],"about":[{"href":"https:\/\/www.sp11.gliwice.pl\/index.php?rest_route=\/wp\/v2\/types\/post"}],"author":[{"embeddable":true,"href":"https:\/\/www.sp11.gliwice.pl\/index.php?rest_route=\/wp\/v2\/users\/3"}],"replies":[{"embeddable":true,"href":"https:\/\/www.sp11.gliwice.pl\/index.php?rest_route=%2Fwp%2Fv2%2Fcomments&post=15075"}],"version-history":[{"count":1,"href":"https:\/\/www.sp11.gliwice.pl\/index.php?rest_route=\/wp\/v2\/posts\/15075\/revisions"}],"predecessor-version":[{"id":15077,"href":"https:\/\/www.sp11.gliwice.pl\/index.php?rest_route=\/wp\/v2\/posts\/15075\/revisions\/15077"}],"wp:featuredmedia":[{"embeddable":true,"href":"https:\/\/www.sp11.gliwice.pl\/index.php?rest_route=\/wp\/v2\/media\/15076"}],"wp:attachment":[{"href":"https:\/\/www.sp11.gliwice.pl\/index.php?rest_route=%2Fwp%2Fv2%2Fmedia&parent=15075"}],"wp:term":[{"taxonomy":"category","embeddable":true,"href":"https:\/\/www.sp11.gliwice.pl\/index.php?rest_route=%2Fwp%2Fv2%2Fcategories&post=15075"},{"taxonomy":"post_tag","embeddable":true,"href":"https:\/\/www.sp11.gliwice.pl\/index.php?rest_route=%2Fwp%2Fv2%2Ftags&post=15075"}],"curies":[{"name":"wp","href":"https:\/\/api.w.org\/{rel}","templated":true}]}}