{"id":15043,"date":"2024-11-14T21:33:33","date_gmt":"2024-11-14T20:33:33","guid":{"rendered":"https:\/\/www.sp11.gliwice.pl\/?p=15043"},"modified":"2024-11-14T21:33:33","modified_gmt":"2024-11-14T20:33:33","slug":"zdrowe-sniadanie-w-kl-1-3","status":"publish","type":"post","link":"https:\/\/www.sp11.gliwice.pl\/?p=15043","title":{"rendered":"Zdrowe \u015bniadanie w kl.1`-3"},"content":{"rendered":"<p><span style=\"color: #000000;\">Dzie\u0144 Zdrowego \u015aniadania wywodzi si\u0119 z Europejskiego Dnia Zdrowego Jedzenia i Gotowania zainicjowanego w 2007r. przez komisarza Unii Europejskiej&nbsp; d.s zdrowia.<\/span><\/p>\n<p><span style=\"color: #000000;\">Dzie\u0144 Zdrowego \u015aniadania to doskona\u0142a okazja, aby przypomnie\u0107 sobie dlaczego pierwszy posi\u0142ek dnia ma kluczowe znaczenie dla naszego zdrowia i samopoczucia. Zdrowe \u015bniadanie dostarcza energii, wspomaga koncentracj\u0119, przyczynia si\u0119 do lepszego samopoczucia i mo\u017ce pom\u00f3c w utrzymaniu prawid\u0142owej masy cia\u0142a.<\/span><\/p>\n<p><span style=\"color: #000000;\">W naszej szkole kl.1-3 r\u00f3wnie\u017c przygotowa\u0142y przepyszne \u015bniadania! By\u0142y pi\u0119knie i apetycznie wygl\u0105daj\u0105ce kanapki, sa\u0142atki, sur\u00f3wki, a nawet owocowe szejki.<\/span><\/p>\n<p style=\"text-align: right;\"><em>mgr Celina Trzeszkowska<\/em><\/p>\nngg_shortcode_0_placeholder\n","protected":false},"excerpt":{"rendered":"<p>Dzie\u0144 Zdrowego \u015aniadania wywodzi si\u0119 z Europejskiego Dnia Zdrowego Jedzenia i Gotowania zainicjowanego w 2007r. przez komisarza Unii Europejskiej&nbsp; d.s zdrowia. Dzie\u0144 Zdrowego \u015aniadania to [&hellip;]<\/p>\n","protected":false},"author":3,"featured_media":15044,"comment_status":"closed","ping_status":"closed","sticky":false,"template":"","format":"standard","meta":{"ngg_post_thumbnail":0,"footnotes":""},"categories":[4],"tags":[],"class_list":["post-15043","post","type-post","status-publish","format-standard","has-post-thumbnail","hentry","category-aktualnosci"],"_links":{"self":[{"href":"https:\/\/www.sp11.gliwice.pl\/index.php?rest_route=\/wp\/v2\/posts\/15043","targetHints":{"allow":["GET"]}}],"collection":[{"href":"https:\/\/www.sp11.gliwice.pl\/index.php?rest_route=\/wp\/v2\/posts"}],"about":[{"href":"https:\/\/www.sp11.gliwice.pl\/index.php?rest_route=\/wp\/v2\/types\/post"}],"author":[{"embeddable":true,"href":"https:\/\/www.sp11.gliwice.pl\/index.php?rest_route=\/wp\/v2\/users\/3"}],"replies":[{"embeddable":true,"href":"https:\/\/www.sp11.gliwice.pl\/index.php?rest_route=%2Fwp%2Fv2%2Fcomments&post=15043"}],"version-history":[{"count":1,"href":"https:\/\/www.sp11.gliwice.pl\/index.php?rest_route=\/wp\/v2\/posts\/15043\/revisions"}],"predecessor-version":[{"id":15045,"href":"https:\/\/www.sp11.gliwice.pl\/index.php?rest_route=\/wp\/v2\/posts\/15043\/revisions\/15045"}],"wp:featuredmedia":[{"embeddable":true,"href":"https:\/\/www.sp11.gliwice.pl\/index.php?rest_route=\/wp\/v2\/media\/15044"}],"wp:attachment":[{"href":"https:\/\/www.sp11.gliwice.pl\/index.php?rest_route=%2Fwp%2Fv2%2Fmedia&parent=15043"}],"wp:term":[{"taxonomy":"category","embeddable":true,"href":"https:\/\/www.sp11.gliwice.pl\/index.php?rest_route=%2Fwp%2Fv2%2Fcategories&post=15043"},{"taxonomy":"post_tag","embeddable":true,"href":"https:\/\/www.sp11.gliwice.pl\/index.php?rest_route=%2Fwp%2Fv2%2Ftags&post=15043"}],"curies":[{"name":"wp","href":"https:\/\/api.w.org\/{rel}","templated":true}]}}