{"id":15007,"date":"2024-11-11T22:37:30","date_gmt":"2024-11-11T21:37:30","guid":{"rendered":"https:\/\/www.sp11.gliwice.pl\/?p=15007"},"modified":"2024-11-11T22:53:37","modified_gmt":"2024-11-11T21:53:37","slug":"swieto-odzyskania-niepodleglosci","status":"publish","type":"post","link":"https:\/\/www.sp11.gliwice.pl\/?p=15007","title":{"rendered":"\u015awi\u0119to Odzyskania Niepodleg\u0142o\u015bci"},"content":{"rendered":"<p><span style=\"color: #000000;\">8 listopada na sali gimnastycznej naszej szko\u0142y zebra\u0142a si\u0119 ca\u0142a spo\u0142eczno\u015b\u0107 szkolno &#8211; przedszkolna, by wzi\u0105\u0107 udzia\u0142 w&nbsp; przepi\u0119knej akademii z okazji 106 rocznicy odzyskania przez Polsk\u0119 Nieodleg\u0142o\u015bci. <\/span><\/p>\n<p><span style=\"color: #000000;\">Uczniowie pod czujnym okiem Pani Anety Rybowicz i Pani Natalii Drapy przygotowali wspania\u0142e widowisko poetycko &#8211; muzyczno &#8211; taneczne nawi\u0105zuj\u0105ce do Historii Or\u0142a Bia\u0142ego i naszej Ojczyzny na przestrzeni lat.<\/span><\/p>\n<p><span style=\"color: #000000;\">Wsp\u00f3lnie przyst\u0105pili\u015bmy r\u00f3wnie\u017c do akcji #Szko\u0142aDoHymnu i od\u015bpiewali\u015bmy 4 zwrotki Hymnu Pa\u0144stwowego.<\/span><\/p>\nngg_shortcode_0_placeholder\n","protected":false},"excerpt":{"rendered":"<p>8 listopada na sali gimnastycznej naszej szko\u0142y zebra\u0142a si\u0119 ca\u0142a spo\u0142eczno\u015b\u0107 szkolno &#8211; przedszkolna, by wzi\u0105\u0107 udzia\u0142 w&nbsp; przepi\u0119knej akademii z okazji 106 rocznicy odzyskania [&hellip;]<\/p>\n","protected":false},"author":3,"featured_media":15008,"comment_status":"closed","ping_status":"closed","sticky":false,"template":"","format":"standard","meta":{"ngg_post_thumbnail":0,"footnotes":""},"categories":[4],"tags":[],"class_list":["post-15007","post","type-post","status-publish","format-standard","has-post-thumbnail","hentry","category-aktualnosci"],"_links":{"self":[{"href":"https:\/\/www.sp11.gliwice.pl\/index.php?rest_route=\/wp\/v2\/posts\/15007","targetHints":{"allow":["GET"]}}],"collection":[{"href":"https:\/\/www.sp11.gliwice.pl\/index.php?rest_route=\/wp\/v2\/posts"}],"about":[{"href":"https:\/\/www.sp11.gliwice.pl\/index.php?rest_route=\/wp\/v2\/types\/post"}],"author":[{"embeddable":true,"href":"https:\/\/www.sp11.gliwice.pl\/index.php?rest_route=\/wp\/v2\/users\/3"}],"replies":[{"embeddable":true,"href":"https:\/\/www.sp11.gliwice.pl\/index.php?rest_route=%2Fwp%2Fv2%2Fcomments&post=15007"}],"version-history":[{"count":2,"href":"https:\/\/www.sp11.gliwice.pl\/index.php?rest_route=\/wp\/v2\/posts\/15007\/revisions"}],"predecessor-version":[{"id":15010,"href":"https:\/\/www.sp11.gliwice.pl\/index.php?rest_route=\/wp\/v2\/posts\/15007\/revisions\/15010"}],"wp:featuredmedia":[{"embeddable":true,"href":"https:\/\/www.sp11.gliwice.pl\/index.php?rest_route=\/wp\/v2\/media\/15008"}],"wp:attachment":[{"href":"https:\/\/www.sp11.gliwice.pl\/index.php?rest_route=%2Fwp%2Fv2%2Fmedia&parent=15007"}],"wp:term":[{"taxonomy":"category","embeddable":true,"href":"https:\/\/www.sp11.gliwice.pl\/index.php?rest_route=%2Fwp%2Fv2%2Fcategories&post=15007"},{"taxonomy":"post_tag","embeddable":true,"href":"https:\/\/www.sp11.gliwice.pl\/index.php?rest_route=%2Fwp%2Fv2%2Ftags&post=15007"}],"curies":[{"name":"wp","href":"https:\/\/api.w.org\/{rel}","templated":true}]}}