{"id":14972,"date":"2024-11-07T20:04:05","date_gmt":"2024-11-07T19:04:05","guid":{"rendered":"https:\/\/www.sp11.gliwice.pl\/?p=14972"},"modified":"2024-11-07T20:04:05","modified_gmt":"2024-11-07T19:04:05","slug":"wolontariusze-pamietaja","status":"publish","type":"post","link":"https:\/\/www.sp11.gliwice.pl\/?p=14972","title":{"rendered":"Wolontariusze pami\u0119taj\u0105 &#8230;"},"content":{"rendered":"<p><span style=\"color: #000000;\">Wolontariusze naszej Szko\u0142y przed \u015bwi\u0119tem zmar\u0142ych porz\u0105dkowali groby i zapalili znicze na grobach Powsta\u0144c\u00f3w \u015al\u0105skich i ofiar II wojny \u015bwiatowej.<\/span><\/p>\nngg_shortcode_0_placeholder\n","protected":false},"excerpt":{"rendered":"<p>Wolontariusze naszej Szko\u0142y przed \u015bwi\u0119tem zmar\u0142ych porz\u0105dkowali groby i zapalili znicze na grobach Powsta\u0144c\u00f3w \u015al\u0105skich i ofiar II wojny \u015bwiatowej.<\/p>\n","protected":false},"author":3,"featured_media":14973,"comment_status":"closed","ping_status":"closed","sticky":false,"template":"","format":"standard","meta":{"ngg_post_thumbnail":0,"footnotes":""},"categories":[4],"tags":[],"class_list":["post-14972","post","type-post","status-publish","format-standard","has-post-thumbnail","hentry","category-aktualnosci"],"_links":{"self":[{"href":"https:\/\/www.sp11.gliwice.pl\/index.php?rest_route=\/wp\/v2\/posts\/14972","targetHints":{"allow":["GET"]}}],"collection":[{"href":"https:\/\/www.sp11.gliwice.pl\/index.php?rest_route=\/wp\/v2\/posts"}],"about":[{"href":"https:\/\/www.sp11.gliwice.pl\/index.php?rest_route=\/wp\/v2\/types\/post"}],"author":[{"embeddable":true,"href":"https:\/\/www.sp11.gliwice.pl\/index.php?rest_route=\/wp\/v2\/users\/3"}],"replies":[{"embeddable":true,"href":"https:\/\/www.sp11.gliwice.pl\/index.php?rest_route=%2Fwp%2Fv2%2Fcomments&post=14972"}],"version-history":[{"count":1,"href":"https:\/\/www.sp11.gliwice.pl\/index.php?rest_route=\/wp\/v2\/posts\/14972\/revisions"}],"predecessor-version":[{"id":14974,"href":"https:\/\/www.sp11.gliwice.pl\/index.php?rest_route=\/wp\/v2\/posts\/14972\/revisions\/14974"}],"wp:featuredmedia":[{"embeddable":true,"href":"https:\/\/www.sp11.gliwice.pl\/index.php?rest_route=\/wp\/v2\/media\/14973"}],"wp:attachment":[{"href":"https:\/\/www.sp11.gliwice.pl\/index.php?rest_route=%2Fwp%2Fv2%2Fmedia&parent=14972"}],"wp:term":[{"taxonomy":"category","embeddable":true,"href":"https:\/\/www.sp11.gliwice.pl\/index.php?rest_route=%2Fwp%2Fv2%2Fcategories&post=14972"},{"taxonomy":"post_tag","embeddable":true,"href":"https:\/\/www.sp11.gliwice.pl\/index.php?rest_route=%2Fwp%2Fv2%2Ftags&post=14972"}],"curies":[{"name":"wp","href":"https:\/\/api.w.org\/{rel}","templated":true}]}}