{"id":14907,"date":"2024-11-03T22:02:53","date_gmt":"2024-11-03T21:02:53","guid":{"rendered":"https:\/\/www.sp11.gliwice.pl\/?p=14907"},"modified":"2024-11-03T22:02:53","modified_gmt":"2024-11-03T21:02:53","slug":"bal-wszystkich-swietych","status":"publish","type":"post","link":"https:\/\/www.sp11.gliwice.pl\/?p=14907","title":{"rendered":"Bal Wszystkich \u015awi\u0119tych"},"content":{"rendered":"<p><span style=\"color: #000000;\"><strong>Bal Wszystkich \u015awi\u0119tych w Jedenastce<\/strong><\/span><\/p>\n<p><span style=\"color: #000000;\">&nbsp;&nbsp;&nbsp;&nbsp;&nbsp;&nbsp;&nbsp;&nbsp;&nbsp;&nbsp;&nbsp; 1 listopada \u2013 czyli dzie\u0144 Uroczysto\u015bci Wszystkich \u015awi\u0119tych, to czas wielkiej rado\u015bci dla \u015awi\u0119tych w Niebie, ale i dla nas, na Ziemi. Aby jak najpi\u0119kniej wyrazi\u0107 t\u0119 rado\u015b\u0107, 31 pa\u017adziernika, a wi\u0119c w przeddzie\u0144 tej uroczysto\u015bci, uczestniczyli\u015bmy we wsp\u00f3lnej zabawie \u2013 Balu Wszystkich \u015awi\u0119tych, zorganizowanym pod has\u0142em: ,,\u017bycie jest pi\u0119kne\u201d.&nbsp;&nbsp;&nbsp;&nbsp;&nbsp;&nbsp;&nbsp;&nbsp;&nbsp;&nbsp;&nbsp;&nbsp;&nbsp;&nbsp;&nbsp;&nbsp;&nbsp;&nbsp;&nbsp;&nbsp;&nbsp;&nbsp;&nbsp;&nbsp;&nbsp;&nbsp;&nbsp;&nbsp;&nbsp;&nbsp;&nbsp;&nbsp;&nbsp;&nbsp;&nbsp;&nbsp;&nbsp;&nbsp;&nbsp;&nbsp;&nbsp;&nbsp;&nbsp;&nbsp;&nbsp;&nbsp;&nbsp;&nbsp;&nbsp;&nbsp;&nbsp;&nbsp;&nbsp;&nbsp;&nbsp;&nbsp;&nbsp;&nbsp;&nbsp;&nbsp;&nbsp;&nbsp;&nbsp;&nbsp;&nbsp;&nbsp;&nbsp;&nbsp;&nbsp;&nbsp;&nbsp;&nbsp;&nbsp;&nbsp;&nbsp;&nbsp;&nbsp;&nbsp;&nbsp;&nbsp;&nbsp;&nbsp;&nbsp;&nbsp;&nbsp;&nbsp;&nbsp;&nbsp;&nbsp;&nbsp;&nbsp;&nbsp;&nbsp;&nbsp;&nbsp;&nbsp;&nbsp;<\/span><\/p>\n<p><span style=\"color: #000000;\">&nbsp;&nbsp;&nbsp;&nbsp;&nbsp;&nbsp;&nbsp;&nbsp;&nbsp;&nbsp;&nbsp; Pierwszym punktem programu by\u0142 porywaj\u0105cy wyst\u0119p szkolnego zespo\u0142u muzycznego Aplauz. Dziewcz\u0119ta i ch\u0142opcy weso\u0142o bawili si\u0119 przy d\u017awi\u0119kach skocznej muzyki, a tak\u017ce \u015bpiewali i ta\u0144czyli. Podczas balu dzieci uczestniczy\u0142y te\u017c w r\u00f3\u017cnych konkursach.<\/span><\/p>\n<p><span style=\"color: #000000;\">&nbsp;&nbsp;&nbsp;&nbsp;&nbsp;&nbsp;&nbsp;&nbsp;&nbsp;&nbsp; Go\u015bciem specjalnym wydarzenia, gwiazd\u0105 naszego programu by\u0142 Pan Krzysztof Drabik z Bytomia, laureat nagrody publiczno\u015bci 7. edycji popularnego show ,,Mam Talent\u201d, od dawna bij\u0105cy rekordy w \u017conglowaniu i udzielaj\u0105cy si\u0119 charytatywnie, kt\u00f3ry zadziwi\u0142 wszystkich efektownym pokazem nadzwyczajnych umiej\u0119tno\u015bci \u017conglerskich, a tak\u017ce fascynuj\u0105cymi&nbsp; opowie\u015bciami.&nbsp;&nbsp;&nbsp;&nbsp;&nbsp;&nbsp;&nbsp;&nbsp;&nbsp;&nbsp;&nbsp;&nbsp;&nbsp;&nbsp;&nbsp;&nbsp;&nbsp;&nbsp;&nbsp;&nbsp;&nbsp;&nbsp;&nbsp;&nbsp;&nbsp;&nbsp;&nbsp;&nbsp;&nbsp;&nbsp;&nbsp;&nbsp;&nbsp;&nbsp;&nbsp;&nbsp;&nbsp;&nbsp;&nbsp;&nbsp;&nbsp;&nbsp;&nbsp;&nbsp;&nbsp;&nbsp;&nbsp;&nbsp;&nbsp;&nbsp;&nbsp;&nbsp;&nbsp;&nbsp;&nbsp;&nbsp;&nbsp;&nbsp;&nbsp;&nbsp;&nbsp;&nbsp;&nbsp;&nbsp;&nbsp;&nbsp;<\/span><\/p>\n<p><span style=\"color: #000000;\">&nbsp;&nbsp;&nbsp;&nbsp;&nbsp;&nbsp;&nbsp;&nbsp;&nbsp;&nbsp;&nbsp; Ten niesamowity Cz\u0142owiek u\u015bwiadomi\u0142 nam, \u017ce warto wierzy\u0107 w swoje si\u0142y i niestrudzenie d\u0105\u017cy\u0107 do obranego celu. Udowodni\u0142, \u017ce spe\u0142nianie marze\u0144 jest mo\u017cliwe, a rozwijanie talent\u00f3w wa\u017cne.<em>&nbsp;<\/em>Podczas balu nie zabrak\u0142o r\u00f3wnie\u017c innych atrakcji. Dzieci z wielkim entuzjazmem uda\u0142y si\u0119 ,,Poci\u0105giem do \u015awi\u0119to\u015bci\u201d w odwiedziny do \u015bw. Jana Paw\u0142a II, \u015bw. Patryka, \u015bw. Miko\u0142aja, \u015bw. Ignacego Loyoli, \u015bw. Tereski od Dzieci\u0105tka Jezus oraz \u015bw. Franciszka z Asy\u017cu. &nbsp;&nbsp;&nbsp;&nbsp;&nbsp;&nbsp;&nbsp;&nbsp;&nbsp; <\/span><br \/>\n<span style=\"color: #000000;\">Niew\u0105tpliwie tegoroczny Bal Wszystkich \u015awi\u0119tych zapewni\u0142 uczestnikom mn\u00f3stwo dobrej zabawy, niezapomnianych wra\u017ce\u0144, a nade wszystko ogrom rado\u015bci. Wspominaj\u0105c te chwile, gor\u0105co zach\u0119camy wszystkich do obejrzenia filmu,&nbsp; podsumowuj\u0105cego to wydarzenie.<\/span><\/p>\n<p style=\"text-align: right;\"><em>mgr Izabella Jureczko<\/em><\/p>\n<p><a href=\"https:\/\/youtu.be\/u1ooFKN0jiQ\" target=\"_blank\" rel=\"noopener\">link do filmu \ud83d\ude42<\/a><\/p>\nngg_shortcode_0_placeholder\n<p>O wydarzeniu mo\u017cna przeczyta\u0107 r\u00f3wnie\u017c w <a href=\"https:\/\/gliwice.gosc.pl\/doc\/9030049.Kazdy-dzien-zaczynam-i-koncze-z-Jezusem?fbclid=IwY2xjawGUf69leHRuA2FlbQIxMAABHWNZ-rMdcNxmG4kAXOK91UmcYwb1amacqUXG2DDGcR871h4cQMVLmKVlmg_aem_8os7PqymRLZETrkhB7dvHg\" target=\"_blank\" rel=\"noopener\">Go\u015bciu Niedzielnym \ud83d\ude42<\/a><\/p>\n","protected":false},"excerpt":{"rendered":"<p>Bal Wszystkich \u015awi\u0119tych w Jedenastce &nbsp;&nbsp;&nbsp;&nbsp;&nbsp;&nbsp;&nbsp;&nbsp;&nbsp;&nbsp;&nbsp; 1 listopada \u2013 czyli dzie\u0144 Uroczysto\u015bci Wszystkich \u015awi\u0119tych, to czas wielkiej rado\u015bci dla \u015awi\u0119tych w Niebie, ale i dla [&hellip;]<\/p>\n","protected":false},"author":3,"featured_media":14908,"comment_status":"closed","ping_status":"closed","sticky":false,"template":"","format":"standard","meta":{"ngg_post_thumbnail":0,"footnotes":""},"categories":[4],"tags":[],"class_list":["post-14907","post","type-post","status-publish","format-standard","has-post-thumbnail","hentry","category-aktualnosci"],"_links":{"self":[{"href":"https:\/\/www.sp11.gliwice.pl\/index.php?rest_route=\/wp\/v2\/posts\/14907","targetHints":{"allow":["GET"]}}],"collection":[{"href":"https:\/\/www.sp11.gliwice.pl\/index.php?rest_route=\/wp\/v2\/posts"}],"about":[{"href":"https:\/\/www.sp11.gliwice.pl\/index.php?rest_route=\/wp\/v2\/types\/post"}],"author":[{"embeddable":true,"href":"https:\/\/www.sp11.gliwice.pl\/index.php?rest_route=\/wp\/v2\/users\/3"}],"replies":[{"embeddable":true,"href":"https:\/\/www.sp11.gliwice.pl\/index.php?rest_route=%2Fwp%2Fv2%2Fcomments&post=14907"}],"version-history":[{"count":1,"href":"https:\/\/www.sp11.gliwice.pl\/index.php?rest_route=\/wp\/v2\/posts\/14907\/revisions"}],"predecessor-version":[{"id":14909,"href":"https:\/\/www.sp11.gliwice.pl\/index.php?rest_route=\/wp\/v2\/posts\/14907\/revisions\/14909"}],"wp:featuredmedia":[{"embeddable":true,"href":"https:\/\/www.sp11.gliwice.pl\/index.php?rest_route=\/wp\/v2\/media\/14908"}],"wp:attachment":[{"href":"https:\/\/www.sp11.gliwice.pl\/index.php?rest_route=%2Fwp%2Fv2%2Fmedia&parent=14907"}],"wp:term":[{"taxonomy":"category","embeddable":true,"href":"https:\/\/www.sp11.gliwice.pl\/index.php?rest_route=%2Fwp%2Fv2%2Fcategories&post=14907"},{"taxonomy":"post_tag","embeddable":true,"href":"https:\/\/www.sp11.gliwice.pl\/index.php?rest_route=%2Fwp%2Fv2%2Ftags&post=14907"}],"curies":[{"name":"wp","href":"https:\/\/api.w.org\/{rel}","templated":true}]}}