{"id":14883,"date":"2024-10-31T22:46:23","date_gmt":"2024-10-31T21:46:23","guid":{"rendered":"https:\/\/www.sp11.gliwice.pl\/?p=14883"},"modified":"2024-11-02T16:06:25","modified_gmt":"2024-11-02T15:06:25","slug":"klasa-8-w-debacie-o-hejcie","status":"publish","type":"post","link":"https:\/\/www.sp11.gliwice.pl\/?p=14883","title":{"rendered":"Klasa 8 w debacie o hejcie&#8230;"},"content":{"rendered":"<p><span style=\"color: #000000;\">W dniu 22.10.2024 r. reprezentacja uczennic z klasy \u00f3smej pod opiek\u0105 pedagoga szkolnego wzi\u0119\u0142a udzia\u0142 w debacie spo\u0142ecznej, organizowanej przez Wydzia\u0142 Prewencji Komendy Miejskiej Policji w Gliwicach pod has\u0142em &#8222;R\u00f3\u017cne oblicza hejtu w\u015br\u00f3d m\u0142odzie\u017cy gliwickich szk\u00f3\u0142 podstawowych. Poza solidn\u0105 dawk\u0105 wiedzy, uczniowie mierzyli si\u0119 z wypowiadaniem i obron\u0105 argument\u00f3w na forum. Go\u015bciem specjalnym wydarzenia by\u0142a pani Marysia S\u0142awa\u0144ska &#8211; dziennikarka, wspieraj\u0105ca uczni\u00f3w w prezentacjach s\u0142ownych. Dzi\u0119kujemy uczennicom: Cassandrze Kwieci\u0144skiej &#8211; Brylok, Hannie Szewczyk, Wiktorii Dr\u0105\u017cczak i Natalii Zieli\u0144skiej za odwag\u0119 i aktywno\u015b\u0107. Dzi\u0119kujemy r\u00f3wnie\u017c wszystkim funkcjonariuszom zaanga\u017cowanym w organizacj\u0119 przedsi\u0119wzi\u0119cia, w szczeg\u00f3lno\u015bci panu Mateuszowi Pi\u00f3rkowskiemu i pani Milenie Szyma\u0144skiej, z kt\u00f3rymi wsp\u00f3\u0142pracujemy na co dzie\u0144.<\/span><\/p>\n<p style=\"text-align: right;\"><em>mgr Joanna Magiera<\/em><br \/>\n<em>pedagog szkolny<\/em><\/p>\nngg_shortcode_0_placeholder\n","protected":false},"excerpt":{"rendered":"<p>W dniu 22.10.2024 r. reprezentacja uczennic z klasy \u00f3smej pod opiek\u0105 pedagoga szkolnego wzi\u0119\u0142a udzia\u0142 w debacie spo\u0142ecznej, organizowanej przez Wydzia\u0142 Prewencji Komendy Miejskiej Policji [&hellip;]<\/p>\n","protected":false},"author":3,"featured_media":14884,"comment_status":"closed","ping_status":"closed","sticky":false,"template":"","format":"standard","meta":{"ngg_post_thumbnail":0,"footnotes":""},"categories":[4],"tags":[],"class_list":["post-14883","post","type-post","status-publish","format-standard","has-post-thumbnail","hentry","category-aktualnosci"],"_links":{"self":[{"href":"https:\/\/www.sp11.gliwice.pl\/index.php?rest_route=\/wp\/v2\/posts\/14883","targetHints":{"allow":["GET"]}}],"collection":[{"href":"https:\/\/www.sp11.gliwice.pl\/index.php?rest_route=\/wp\/v2\/posts"}],"about":[{"href":"https:\/\/www.sp11.gliwice.pl\/index.php?rest_route=\/wp\/v2\/types\/post"}],"author":[{"embeddable":true,"href":"https:\/\/www.sp11.gliwice.pl\/index.php?rest_route=\/wp\/v2\/users\/3"}],"replies":[{"embeddable":true,"href":"https:\/\/www.sp11.gliwice.pl\/index.php?rest_route=%2Fwp%2Fv2%2Fcomments&post=14883"}],"version-history":[{"count":2,"href":"https:\/\/www.sp11.gliwice.pl\/index.php?rest_route=\/wp\/v2\/posts\/14883\/revisions"}],"predecessor-version":[{"id":14895,"href":"https:\/\/www.sp11.gliwice.pl\/index.php?rest_route=\/wp\/v2\/posts\/14883\/revisions\/14895"}],"wp:featuredmedia":[{"embeddable":true,"href":"https:\/\/www.sp11.gliwice.pl\/index.php?rest_route=\/wp\/v2\/media\/14884"}],"wp:attachment":[{"href":"https:\/\/www.sp11.gliwice.pl\/index.php?rest_route=%2Fwp%2Fv2%2Fmedia&parent=14883"}],"wp:term":[{"taxonomy":"category","embeddable":true,"href":"https:\/\/www.sp11.gliwice.pl\/index.php?rest_route=%2Fwp%2Fv2%2Fcategories&post=14883"},{"taxonomy":"post_tag","embeddable":true,"href":"https:\/\/www.sp11.gliwice.pl\/index.php?rest_route=%2Fwp%2Fv2%2Ftags&post=14883"}],"curies":[{"name":"wp","href":"https:\/\/api.w.org\/{rel}","templated":true}]}}