{"id":14847,"date":"2024-10-31T20:42:57","date_gmt":"2024-10-31T19:42:57","guid":{"rendered":"https:\/\/www.sp11.gliwice.pl\/?p=14847"},"modified":"2024-10-31T20:42:57","modified_gmt":"2024-10-31T19:42:57","slug":"dzien-dyni-w-przedszkolu-2","status":"publish","type":"post","link":"https:\/\/www.sp11.gliwice.pl\/?p=14847","title":{"rendered":"Dzie\u0144 DYNI w przedszkolu :)"},"content":{"rendered":"<p><span style=\"color: #000000;\">30 listopada w naszym przedszkolu obchodzili\u015bmy &#8222;\u015awi\u0119to Dyni&#8221;. Dzieci uczestniczy\u0142y w zaj\u0119ciach, podczas kt\u00f3rych pozna\u0142y bardzo zdrowe i urodziwe warzywo jakim jest dynia. Wszystkie przedszkolaki kreatywnie ozdobi\u0142y swoje dynie, kt\u00f3re mo\u017cna by\u0142o podziwia\u0107 wchodz\u0105c do szko\u0142y \ud83d\ude0d. \u015awi\u0119to Dyni pozwoli\u0142o odkry\u0107 wiele zalet tego niedocenionego warzywa, a przede wszystkim pozwoli\u0142o na wspania\u0142\u0105 zabaw\u0119 wszystkich przedszkolak\u00f3w!!!<\/span><\/p>\n<p style=\"text-align: right;\"><em>Joanna Aleksander<\/em><\/p>\nngg_shortcode_0_placeholder\n","protected":false},"excerpt":{"rendered":"<p>30 listopada w naszym przedszkolu obchodzili\u015bmy &#8222;\u015awi\u0119to Dyni&#8221;. Dzieci uczestniczy\u0142y w zaj\u0119ciach, podczas kt\u00f3rych pozna\u0142y bardzo zdrowe i urodziwe warzywo jakim jest dynia. Wszystkie przedszkolaki [&hellip;]<\/p>\n","protected":false},"author":3,"featured_media":14848,"comment_status":"closed","ping_status":"closed","sticky":false,"template":"","format":"standard","meta":{"ngg_post_thumbnail":0,"footnotes":""},"categories":[4],"tags":[],"class_list":["post-14847","post","type-post","status-publish","format-standard","has-post-thumbnail","hentry","category-aktualnosci"],"_links":{"self":[{"href":"https:\/\/www.sp11.gliwice.pl\/index.php?rest_route=\/wp\/v2\/posts\/14847","targetHints":{"allow":["GET"]}}],"collection":[{"href":"https:\/\/www.sp11.gliwice.pl\/index.php?rest_route=\/wp\/v2\/posts"}],"about":[{"href":"https:\/\/www.sp11.gliwice.pl\/index.php?rest_route=\/wp\/v2\/types\/post"}],"author":[{"embeddable":true,"href":"https:\/\/www.sp11.gliwice.pl\/index.php?rest_route=\/wp\/v2\/users\/3"}],"replies":[{"embeddable":true,"href":"https:\/\/www.sp11.gliwice.pl\/index.php?rest_route=%2Fwp%2Fv2%2Fcomments&post=14847"}],"version-history":[{"count":1,"href":"https:\/\/www.sp11.gliwice.pl\/index.php?rest_route=\/wp\/v2\/posts\/14847\/revisions"}],"predecessor-version":[{"id":14849,"href":"https:\/\/www.sp11.gliwice.pl\/index.php?rest_route=\/wp\/v2\/posts\/14847\/revisions\/14849"}],"wp:featuredmedia":[{"embeddable":true,"href":"https:\/\/www.sp11.gliwice.pl\/index.php?rest_route=\/wp\/v2\/media\/14848"}],"wp:attachment":[{"href":"https:\/\/www.sp11.gliwice.pl\/index.php?rest_route=%2Fwp%2Fv2%2Fmedia&parent=14847"}],"wp:term":[{"taxonomy":"category","embeddable":true,"href":"https:\/\/www.sp11.gliwice.pl\/index.php?rest_route=%2Fwp%2Fv2%2Fcategories&post=14847"},{"taxonomy":"post_tag","embeddable":true,"href":"https:\/\/www.sp11.gliwice.pl\/index.php?rest_route=%2Fwp%2Fv2%2Ftags&post=14847"}],"curies":[{"name":"wp","href":"https:\/\/api.w.org\/{rel}","templated":true}]}}