{"id":14743,"date":"2024-10-20T21:06:33","date_gmt":"2024-10-20T19:06:33","guid":{"rendered":"https:\/\/www.sp11.gliwice.pl\/?p=14743"},"modified":"2024-10-20T21:06:33","modified_gmt":"2024-10-20T19:06:33","slug":"3b-na-wycieczce-w-wisle","status":"publish","type":"post","link":"https:\/\/www.sp11.gliwice.pl\/?p=14743","title":{"rendered":"3b na wycieczce w Wi\u015ble :)"},"content":{"rendered":"<p><span style=\"color: #000000;\">Klasa 3b z pani\u0105 Emili\u0105 Wilk \u2013 Krzy\u017cowsk\u0105 i wychowawc\u0105 pani\u0105 Jolant\u0105 Lisowsk\u0105 14 i 15 pa\u017adziernika by\u0142a na wycieczce w Wi\u015ble. Wis\u0142a to niezwykle ciekawa miejscowo\u015b\u0107 w Beskidzie \u015al\u0105skim \u2013 tu ze \u017ar\u00f3de\u0142 na Baraniej G\u00f3rze wyp\u0142ywaj\u0105 potoki Czarna i Bia\u0142a Wise\u0142ka, kt\u00f3re po po\u0142\u0105czeniu si\u0119 i przyj\u0119ciu w\u00f3d potoku Malinka tworz\u0105 rzek\u0119 Wis\u0142\u0119, tutaj te\u017c urodzi\u0142 si\u0119 i mieszka z rodzin\u0105 nasz s\u0142ynny mistrz narciarski Adam Ma\u0142ysz.<\/span><br \/>\n<span style=\"color: #000000;\">Wis\u0142a przywita\u0142a nas przepi\u0119kn\u0105 pogod\u0105. Z dworca kolejowego z plecakami przeszli\u015bmy strom\u0105 \u015bcie\u017ck\u0105 do domu wczasowego &#8222;Limba&#8221;, gdzie po zakwaterowaniu i zabawie na placu zabaw zjedli\u015bmy pyszny obiad i chwil\u0119 odpocz\u0119li\u015bmy. Po obiedzie zwiedzali\u015bmy centrum Wis\u0142y, gdzie widzieli\u015bmy m. in.:, park Kopczy\u0144skiego, amfiteatr im. St. Hadyny. Ponadto przeszli\u015bmy r\u00f3wnie\u017c Alej\u0105 Poda\u0144 i Legend, gdzie zosta\u0142y ustawione rze\u017aby, postaci z legend. Nast\u0119pnie kontynuowali\u015bmy zwiedzanie Wis\u0142y id\u0105c wzd\u0142u\u017c Zabytkowego Parku Przyg\u00f3d, gdzie znajduj\u0105 si\u0119 mozaikowe miniaturki zabytk\u00f3w, kt\u00f3re w normalnej skali mo\u017cna spotka\u0107 podr\u00f3\u017cuj\u0105c wzd\u0142u\u017c nurtu Wis\u0142y. Na koniec zatrzymali\u015bmy si\u0119 na placu zabaw,&nbsp; gdzie dokazywali\u015bmy a\u017c do kolacji.<\/span><br \/>\n<span style=\"color: #000000;\">Drugiego dnia po \u015bniadaniu i wykwaterowaniu si\u0119 w centrum Wis\u0142y zrobili\u015bmy zakupy i zjedli\u015bmy s\u0142odki pocz\u0119stunek w jednej z kawiarenek.<\/span><br \/>\n<span style=\"color: #000000;\">Zm\u0119czeni i pe\u0142ni wra\u017ce\u0144 udali\u015bmy si\u0119 w drog\u0119 powrotn\u0105 poci\u0105giem do Gliwic. \ud83d\ude42<br \/>\n<\/span><\/p>\n<p style=\"text-align: right;\"><em>mgr Jolanta Lisowska<\/em><\/p>\nngg_shortcode_0_placeholder\n","protected":false},"excerpt":{"rendered":"<p>Klasa 3b z pani\u0105 Emili\u0105 Wilk \u2013 Krzy\u017cowsk\u0105 i wychowawc\u0105 pani\u0105 Jolant\u0105 Lisowsk\u0105 14 i 15 pa\u017adziernika by\u0142a na wycieczce w Wi\u015ble. Wis\u0142a to niezwykle [&hellip;]<\/p>\n","protected":false},"author":3,"featured_media":14744,"comment_status":"closed","ping_status":"closed","sticky":false,"template":"","format":"standard","meta":{"ngg_post_thumbnail":0,"footnotes":""},"categories":[4],"tags":[],"class_list":["post-14743","post","type-post","status-publish","format-standard","has-post-thumbnail","hentry","category-aktualnosci"],"_links":{"self":[{"href":"https:\/\/www.sp11.gliwice.pl\/index.php?rest_route=\/wp\/v2\/posts\/14743","targetHints":{"allow":["GET"]}}],"collection":[{"href":"https:\/\/www.sp11.gliwice.pl\/index.php?rest_route=\/wp\/v2\/posts"}],"about":[{"href":"https:\/\/www.sp11.gliwice.pl\/index.php?rest_route=\/wp\/v2\/types\/post"}],"author":[{"embeddable":true,"href":"https:\/\/www.sp11.gliwice.pl\/index.php?rest_route=\/wp\/v2\/users\/3"}],"replies":[{"embeddable":true,"href":"https:\/\/www.sp11.gliwice.pl\/index.php?rest_route=%2Fwp%2Fv2%2Fcomments&post=14743"}],"version-history":[{"count":1,"href":"https:\/\/www.sp11.gliwice.pl\/index.php?rest_route=\/wp\/v2\/posts\/14743\/revisions"}],"predecessor-version":[{"id":14745,"href":"https:\/\/www.sp11.gliwice.pl\/index.php?rest_route=\/wp\/v2\/posts\/14743\/revisions\/14745"}],"wp:featuredmedia":[{"embeddable":true,"href":"https:\/\/www.sp11.gliwice.pl\/index.php?rest_route=\/wp\/v2\/media\/14744"}],"wp:attachment":[{"href":"https:\/\/www.sp11.gliwice.pl\/index.php?rest_route=%2Fwp%2Fv2%2Fmedia&parent=14743"}],"wp:term":[{"taxonomy":"category","embeddable":true,"href":"https:\/\/www.sp11.gliwice.pl\/index.php?rest_route=%2Fwp%2Fv2%2Fcategories&post=14743"},{"taxonomy":"post_tag","embeddable":true,"href":"https:\/\/www.sp11.gliwice.pl\/index.php?rest_route=%2Fwp%2Fv2%2Ftags&post=14743"}],"curies":[{"name":"wp","href":"https:\/\/api.w.org\/{rel}","templated":true}]}}