{"id":14698,"date":"2024-10-16T20:29:48","date_gmt":"2024-10-16T18:29:48","guid":{"rendered":"https:\/\/www.sp11.gliwice.pl\/?p=14698"},"modified":"2024-10-16T20:29:48","modified_gmt":"2024-10-16T18:29:48","slug":"dzien-edukacji-narodowej-4","status":"publish","type":"post","link":"https:\/\/www.sp11.gliwice.pl\/?p=14698","title":{"rendered":"Dzie\u0144 Edukacji Narodowej"},"content":{"rendered":"<p><span style=\"color: #000000;\">14 pa\u017adziernika w naszej szkole odby\u0142a si\u0119 akademia z okazji Dnia Edukacji Narodowej. Rada Uczni\u00f3w przygotowa\u0142a wyst\u0119p wraz z uczennicami klasy 3a i 5a. Przedstawienie pe\u0142ne przekazu dope\u0142ni\u0142y wzruszaj\u0105ce,pe\u0142ne wdzi\u0119czno\u015bci piosenki\ud83e\ude77 Nie zabrak\u0142o r\u00f3wnie\u017c wyst\u0119pu naszego zespo\u0142u tanecznego &#8222;Aplauz&#8221; prowadzonego przez pani\u0105 Anet\u0119\ud83e\udd29<\/span><\/p>\n<p><span style=\"color: #000000;\">Dyrekcji, wszystkim Nauczycielom oraz Pracownikom Szko\u0142y sk\u0142adamy najszczersze \u017cyczenia!\ud83e\ude77\ud83d\udc90<\/span><\/p>\n<p><span style=\"color: #000000;\">Dzi\u0119kujemy r\u00f3wnie\u017c za obecno\u015b\u0107 Przedstawicielom Rady Rodzic\u00f3w- p.Joannie Wojdynie oraz Marcinowi Buchcie.<\/span><\/p>\n<p style=\"text-align: right;\"><em>mgr Natalia Drapa<\/em><\/p>\nngg_shortcode_0_placeholder\n","protected":false},"excerpt":{"rendered":"<p>14 pa\u017adziernika w naszej szkole odby\u0142a si\u0119 akademia z okazji Dnia Edukacji Narodowej. Rada Uczni\u00f3w przygotowa\u0142a wyst\u0119p wraz z uczennicami klasy 3a i 5a. Przedstawienie [&hellip;]<\/p>\n","protected":false},"author":3,"featured_media":14699,"comment_status":"closed","ping_status":"closed","sticky":false,"template":"","format":"standard","meta":{"ngg_post_thumbnail":0,"footnotes":""},"categories":[4],"tags":[],"class_list":["post-14698","post","type-post","status-publish","format-standard","has-post-thumbnail","hentry","category-aktualnosci"],"_links":{"self":[{"href":"https:\/\/www.sp11.gliwice.pl\/index.php?rest_route=\/wp\/v2\/posts\/14698","targetHints":{"allow":["GET"]}}],"collection":[{"href":"https:\/\/www.sp11.gliwice.pl\/index.php?rest_route=\/wp\/v2\/posts"}],"about":[{"href":"https:\/\/www.sp11.gliwice.pl\/index.php?rest_route=\/wp\/v2\/types\/post"}],"author":[{"embeddable":true,"href":"https:\/\/www.sp11.gliwice.pl\/index.php?rest_route=\/wp\/v2\/users\/3"}],"replies":[{"embeddable":true,"href":"https:\/\/www.sp11.gliwice.pl\/index.php?rest_route=%2Fwp%2Fv2%2Fcomments&post=14698"}],"version-history":[{"count":1,"href":"https:\/\/www.sp11.gliwice.pl\/index.php?rest_route=\/wp\/v2\/posts\/14698\/revisions"}],"predecessor-version":[{"id":14700,"href":"https:\/\/www.sp11.gliwice.pl\/index.php?rest_route=\/wp\/v2\/posts\/14698\/revisions\/14700"}],"wp:featuredmedia":[{"embeddable":true,"href":"https:\/\/www.sp11.gliwice.pl\/index.php?rest_route=\/wp\/v2\/media\/14699"}],"wp:attachment":[{"href":"https:\/\/www.sp11.gliwice.pl\/index.php?rest_route=%2Fwp%2Fv2%2Fmedia&parent=14698"}],"wp:term":[{"taxonomy":"category","embeddable":true,"href":"https:\/\/www.sp11.gliwice.pl\/index.php?rest_route=%2Fwp%2Fv2%2Fcategories&post=14698"},{"taxonomy":"post_tag","embeddable":true,"href":"https:\/\/www.sp11.gliwice.pl\/index.php?rest_route=%2Fwp%2Fv2%2Ftags&post=14698"}],"curies":[{"name":"wp","href":"https:\/\/api.w.org\/{rel}","templated":true}]}}