{"id":14670,"date":"2024-10-13T17:34:17","date_gmt":"2024-10-13T15:34:17","guid":{"rendered":"https:\/\/www.sp11.gliwice.pl\/?p=14670"},"modified":"2024-10-13T17:34:17","modified_gmt":"2024-10-13T15:34:17","slug":"dzien-drzewa-w-przedszkolu","status":"publish","type":"post","link":"https:\/\/www.sp11.gliwice.pl\/?p=14670","title":{"rendered":"Dzie\u0144 Drzewa w przedszkolu :)"},"content":{"rendered":"<p><span style=\"color: #000000;\">10 pa\u017adziernika w naszej plac\u00f3wce przedszkolaki obchodzi\u0142y \ud83c\udf33&#8221;\u015awi\u0119to Drzewa&#8221;\ud83c\udf33 Dzieci dowiedzia\u0142y si\u0119 jak wielkie znaczenie maj\u0105 drzewa dla czysto\u015bci powietrza, a tym samym dla zdrowia cz\u0142owieka. Ka\u017cda grupa wykona\u0142a prac\u0119 plastyczn\u0105 oraz wybra\u0142a si\u0119 na spacer. &#8222;\u015awi\u0119to Drzewa&#8221; to doskona\u0142a okazja aby kszta\u0142towa\u0107 postaw\u0119 ekologiczn\u0105 w\u015br\u00f3d najm\u0142odszych i rozbudza\u0107 w nich poczucie odpowiedzialno\u015bci za ziele\u0144 wok\u00f3\u0142 nas.<\/span><\/p>\n<p style=\"text-align: right;\">\n<em>Joanna Aleksander<\/em><\/p>\nngg_shortcode_0_placeholder\n","protected":false},"excerpt":{"rendered":"<p>10 pa\u017adziernika w naszej plac\u00f3wce przedszkolaki obchodzi\u0142y \ud83c\udf33&#8221;\u015awi\u0119to Drzewa&#8221;\ud83c\udf33 Dzieci dowiedzia\u0142y si\u0119 jak wielkie znaczenie maj\u0105 drzewa dla czysto\u015bci powietrza, a tym samym dla zdrowia [&hellip;]<\/p>\n","protected":false},"author":3,"featured_media":14671,"comment_status":"closed","ping_status":"closed","sticky":false,"template":"","format":"standard","meta":{"ngg_post_thumbnail":0,"footnotes":""},"categories":[4],"tags":[],"class_list":["post-14670","post","type-post","status-publish","format-standard","has-post-thumbnail","hentry","category-aktualnosci"],"_links":{"self":[{"href":"https:\/\/www.sp11.gliwice.pl\/index.php?rest_route=\/wp\/v2\/posts\/14670","targetHints":{"allow":["GET"]}}],"collection":[{"href":"https:\/\/www.sp11.gliwice.pl\/index.php?rest_route=\/wp\/v2\/posts"}],"about":[{"href":"https:\/\/www.sp11.gliwice.pl\/index.php?rest_route=\/wp\/v2\/types\/post"}],"author":[{"embeddable":true,"href":"https:\/\/www.sp11.gliwice.pl\/index.php?rest_route=\/wp\/v2\/users\/3"}],"replies":[{"embeddable":true,"href":"https:\/\/www.sp11.gliwice.pl\/index.php?rest_route=%2Fwp%2Fv2%2Fcomments&post=14670"}],"version-history":[{"count":1,"href":"https:\/\/www.sp11.gliwice.pl\/index.php?rest_route=\/wp\/v2\/posts\/14670\/revisions"}],"predecessor-version":[{"id":14672,"href":"https:\/\/www.sp11.gliwice.pl\/index.php?rest_route=\/wp\/v2\/posts\/14670\/revisions\/14672"}],"wp:featuredmedia":[{"embeddable":true,"href":"https:\/\/www.sp11.gliwice.pl\/index.php?rest_route=\/wp\/v2\/media\/14671"}],"wp:attachment":[{"href":"https:\/\/www.sp11.gliwice.pl\/index.php?rest_route=%2Fwp%2Fv2%2Fmedia&parent=14670"}],"wp:term":[{"taxonomy":"category","embeddable":true,"href":"https:\/\/www.sp11.gliwice.pl\/index.php?rest_route=%2Fwp%2Fv2%2Fcategories&post=14670"},{"taxonomy":"post_tag","embeddable":true,"href":"https:\/\/www.sp11.gliwice.pl\/index.php?rest_route=%2Fwp%2Fv2%2Ftags&post=14670"}],"curies":[{"name":"wp","href":"https:\/\/api.w.org\/{rel}","templated":true}]}}