{"id":14601,"date":"2024-10-06T19:21:32","date_gmt":"2024-10-06T17:21:32","guid":{"rendered":"https:\/\/www.sp11.gliwice.pl\/?p=14601"},"modified":"2024-10-06T19:21:32","modified_gmt":"2024-10-06T17:21:32","slug":"z-gliwic-do-grodu-kraka","status":"publish","type":"post","link":"https:\/\/www.sp11.gliwice.pl\/?p=14601","title":{"rendered":"Z Gliwic do Grodu Kraka"},"content":{"rendered":"<p>&nbsp;&nbsp;&nbsp;&nbsp;&nbsp;&nbsp;&nbsp;&nbsp;&nbsp;&nbsp;&nbsp;<span style=\"color: #000000;\"> We wtorek \u2013 1 pa\u017adziernika, klasa 7 wybra\u0142a si\u0119 do Krakowa na wycieczk\u0119 fizyczno-historyczn\u0105. Najpierw zaw\u0119drowali\u015bmy na Wawel, gdzie zwiedzili\u015bmy Katedr\u0119 Wawelsk\u0105 \u2013 miejsce poch\u00f3wku polskich kr\u00f3l\u00f3w, biskup\u00f3w krakowskich, duchownych, przyw\u00f3dc\u00f3w politycznych i wieszcz\u00f3w, przepe\u0142nione histori\u0105, arcydzie\u0142ami sztuki, a tak\u017ce nierozwik\u0142anymi do dzi\u015b tajemnicami. To w\u0142a\u015bnie tu odbywa\u0142y si\u0119 najistotniejsze wydarzenia w historii Polski \u2014 koronacje, kr\u00f3lewskie \u015bluby oraz pogrzeby.<\/span><\/p>\n<p><span style=\"color: #000000;\">&nbsp;&nbsp;&nbsp;&nbsp;&nbsp;&nbsp;&nbsp;&nbsp;&nbsp;&nbsp;&nbsp; Wszystkim uda\u0142o si\u0119 wej\u015b\u0107 na szczyt Wie\u017cy Zygmuntowskiej. Tam zobaczyli\u015bmy najs\u0142ynniejszy polski dzwon, nazywany Dzwonem Zygmunta, kt\u00f3ry w dzisiejszych czasach bije jedynie w najwa\u017cniejsze \u015bwi\u0119ta i uroczysto\u015bci ko\u015bcielne oraz narodowe, a tak\u017ce w chwilach wa\u017cnych dla Krakowa i Polski. Odwiedzili\u015bmy te\u017c s\u0142awnego, znanego z legendy Smoka Wawelskiego, kt\u00f3ry do dzi\u015b strze\u017ce wej\u015bcia do Smoczej Jamy.<\/span><\/p>\n<p><span style=\"color: #000000;\">&nbsp;&nbsp;&nbsp;&nbsp;&nbsp;&nbsp;&nbsp;&nbsp;&nbsp;&nbsp;&nbsp; Drog\u0105 Kr\u00f3lewsk\u0105 udali\u015bmy si\u0119 na Rynek G\u0142\u00f3wny, podziwiaj\u0105c najpi\u0119kniejsze zabytki Starego Miasta.&nbsp; Zwiedzili\u015bmy m. in. ko\u015bci\u00f3\u0142 archiprezbiterialny Wniebowzi\u0119cia Naj\u015bwi\u0119tszej Marii Panny, zwany tak\u017ce bazylik\u0105 Wniebowzi\u0119cia Naj\u015bwi\u0119tszej Marii Panny, bazylik\u0105 Mariack\u0105 lub ko\u015bcio\u0142em Mariackim. Tam mieli\u015bmy okazj\u0119 podziwia\u0107 O\u0142tarz Wita Stwosza \u2013 nazywany te\u017c O\u0142tarzem Za\u015bni\u0119cia Naj\u015bwi\u0119tszej Marii Panny albo O\u0142tarzem Mariackim, pozna\u0107 jego histori\u0119 oraz uczestniczy\u0107 w ceremonii jego otwarcia.<\/span><\/p>\n<p><span style=\"color: #000000;\">&nbsp;&nbsp;&nbsp;&nbsp;&nbsp;&nbsp;&nbsp;&nbsp;&nbsp;&nbsp;&nbsp; Przypomnieli\u015bmy sobie legend\u0119 o Hejnale mariackim, granym przez tr\u0119bacza urywaj\u0105cego melodi\u0119 w po\u0142owie taktu, za\u015b w samo po\u0142udnie us\u0142yszeli\u015bmy unikatowe d\u017awi\u0119ki tr\u0105bki, powszechnie kojarzone z <em>Krakowem <\/em>i stanowi\u0105ce jeden z najbardziej rozpoznawalnych symboli tego miasta.<\/span><\/p>\n<p><span style=\"color: #000000;\">&nbsp;&nbsp;&nbsp;&nbsp;&nbsp;&nbsp;&nbsp;&nbsp;&nbsp;&nbsp;&nbsp; Ostatnim punktem na trasie wycieczki by\u0142a wizyta w Ogrodzie Do\u015bwiadcze\u0144 im. Stanis\u0142awa Lema. Tam, w\u015br\u00f3d parkowej zieleni, czeka\u0142o na nas mn\u00f3stwo stanowisk do wykonywania prostych eksperyment\u00f3w fizycznych z dziedziny akustyki, mechaniki, hydrostatyki i optyki. Podczas przeprowadzania do\u015bwiadcze\u0144 mogli\u015bmy si\u0119 wiele nauczy\u0107, a \u017ce by\u0142a to nauka przez zabaw\u0119, przyswajanie wiedzy sta\u0142o si\u0119 przyjemno\u015bci\u0105.<\/span><\/p>\n<p><span style=\"color: #000000;\">&nbsp;&nbsp;&nbsp;&nbsp;&nbsp;&nbsp;&nbsp;&nbsp;&nbsp;&nbsp;&nbsp; Po dniu pe\u0142nym wra\u017ce\u0144 zadowoleni, cho\u0107 odrobin\u0119 zm\u0119czeni, wr\u00f3cili\u015bmy do Gliwic.<\/span><\/p>\n<p style=\"text-align: right;\"><em>mgr Izabella Jureczko<\/em><\/p>\nngg_shortcode_0_placeholder\n","protected":false},"excerpt":{"rendered":"<p>&nbsp;&nbsp;&nbsp;&nbsp;&nbsp;&nbsp;&nbsp;&nbsp;&nbsp;&nbsp;&nbsp; We wtorek \u2013 1 pa\u017adziernika, klasa 7 wybra\u0142a si\u0119 do Krakowa na wycieczk\u0119 fizyczno-historyczn\u0105. Najpierw zaw\u0119drowali\u015bmy na Wawel, gdzie zwiedzili\u015bmy Katedr\u0119 Wawelsk\u0105 \u2013 miejsce [&hellip;]<\/p>\n","protected":false},"author":3,"featured_media":14602,"comment_status":"closed","ping_status":"closed","sticky":false,"template":"","format":"standard","meta":{"ngg_post_thumbnail":0,"footnotes":""},"categories":[4],"tags":[],"class_list":["post-14601","post","type-post","status-publish","format-standard","has-post-thumbnail","hentry","category-aktualnosci"],"_links":{"self":[{"href":"https:\/\/www.sp11.gliwice.pl\/index.php?rest_route=\/wp\/v2\/posts\/14601","targetHints":{"allow":["GET"]}}],"collection":[{"href":"https:\/\/www.sp11.gliwice.pl\/index.php?rest_route=\/wp\/v2\/posts"}],"about":[{"href":"https:\/\/www.sp11.gliwice.pl\/index.php?rest_route=\/wp\/v2\/types\/post"}],"author":[{"embeddable":true,"href":"https:\/\/www.sp11.gliwice.pl\/index.php?rest_route=\/wp\/v2\/users\/3"}],"replies":[{"embeddable":true,"href":"https:\/\/www.sp11.gliwice.pl\/index.php?rest_route=%2Fwp%2Fv2%2Fcomments&post=14601"}],"version-history":[{"count":1,"href":"https:\/\/www.sp11.gliwice.pl\/index.php?rest_route=\/wp\/v2\/posts\/14601\/revisions"}],"predecessor-version":[{"id":14603,"href":"https:\/\/www.sp11.gliwice.pl\/index.php?rest_route=\/wp\/v2\/posts\/14601\/revisions\/14603"}],"wp:featuredmedia":[{"embeddable":true,"href":"https:\/\/www.sp11.gliwice.pl\/index.php?rest_route=\/wp\/v2\/media\/14602"}],"wp:attachment":[{"href":"https:\/\/www.sp11.gliwice.pl\/index.php?rest_route=%2Fwp%2Fv2%2Fmedia&parent=14601"}],"wp:term":[{"taxonomy":"category","embeddable":true,"href":"https:\/\/www.sp11.gliwice.pl\/index.php?rest_route=%2Fwp%2Fv2%2Fcategories&post=14601"},{"taxonomy":"post_tag","embeddable":true,"href":"https:\/\/www.sp11.gliwice.pl\/index.php?rest_route=%2Fwp%2Fv2%2Ftags&post=14601"}],"curies":[{"name":"wp","href":"https:\/\/api.w.org\/{rel}","templated":true}]}}