{"id":14581,"date":"2024-10-04T22:19:04","date_gmt":"2024-10-04T20:19:04","guid":{"rendered":"https:\/\/www.sp11.gliwice.pl\/?p=14581"},"modified":"2024-10-04T22:19:04","modified_gmt":"2024-10-04T20:19:04","slug":"dzien-usmiechu","status":"publish","type":"post","link":"https:\/\/www.sp11.gliwice.pl\/?p=14581","title":{"rendered":"Dzie\u0144 U\u015bmiechu :)"},"content":{"rendered":"<p><span style=\"color: #000000;\">\u201eNigdy nie \u017ca\u0142uj u\u015bmiechu,<\/span><br \/>\n<span style=\"color: #000000;\">u\u015bmiech jest mow\u0105 duszy.<\/span><br \/>\n<span style=\"color: #000000;\">Gdy s\u0142owa nic nie pomog\u0105,<\/span><br \/>\n<span style=\"color: #000000;\">u\u015bmiech serca poruszy.\u201d<\/span><\/p>\n<p><span style=\"color: #000000;\">04 pa\u017adziernika w naszym przedszkolu obchodzili\u015bmy \u015awiatowy Dzie\u0144 U\u015bmiechu.G\u0142\u00f3wnym celem tego dnia by\u0142o przybli\u017cenie dzieciom znaczenia u\u015bmiechu i \u017cyczliwo\u015bci, kszta\u0142towanie umiej\u0119tno\u015bci wyra\u017cania \u017cyczliwo\u015bci poprzez aktywno\u015b\u0107 intelektualn\u0105, ruchow\u0105 i plastyczn\u0105, wdra\u017canie dzieci do pozytywnych zachowa\u0144 oraz integracja dzieci w grupie i czerpanie rado\u015bci z uczestnictwa w zabawie.<\/span><br \/>\n<span style=\"color: #000000;\">By\u0142a to dobra okazja, by porozmawia\u0107 o naszych emocjach, kt\u00f3re towarzysz\u0105 nam na co dzie\u0144.<\/span><br \/>\n<span style=\"color: #000000;\">Przedszkolaki zata\u0144czy\u0142y taniec do piosenki &#8222;Emocje, emocje&#8221;, oraz malowa\u0142y obrazki przedstawiaj\u0105ce radosne minki. \ud83d\ude42<\/span><\/p>\n<p style=\"text-align: right;\"><em>mgr Marta Meossi<\/em><\/p>\nngg_shortcode_0_placeholder\n","protected":false},"excerpt":{"rendered":"<p>\u201eNigdy nie \u017ca\u0142uj u\u015bmiechu, u\u015bmiech jest mow\u0105 duszy. Gdy s\u0142owa nic nie pomog\u0105, u\u015bmiech serca poruszy.\u201d 04 pa\u017adziernika w naszym przedszkolu obchodzili\u015bmy \u015awiatowy Dzie\u0144 U\u015bmiechu.G\u0142\u00f3wnym [&hellip;]<\/p>\n","protected":false},"author":3,"featured_media":14582,"comment_status":"closed","ping_status":"closed","sticky":false,"template":"","format":"standard","meta":{"ngg_post_thumbnail":0,"footnotes":""},"categories":[4],"tags":[],"class_list":["post-14581","post","type-post","status-publish","format-standard","has-post-thumbnail","hentry","category-aktualnosci"],"_links":{"self":[{"href":"https:\/\/www.sp11.gliwice.pl\/index.php?rest_route=\/wp\/v2\/posts\/14581","targetHints":{"allow":["GET"]}}],"collection":[{"href":"https:\/\/www.sp11.gliwice.pl\/index.php?rest_route=\/wp\/v2\/posts"}],"about":[{"href":"https:\/\/www.sp11.gliwice.pl\/index.php?rest_route=\/wp\/v2\/types\/post"}],"author":[{"embeddable":true,"href":"https:\/\/www.sp11.gliwice.pl\/index.php?rest_route=\/wp\/v2\/users\/3"}],"replies":[{"embeddable":true,"href":"https:\/\/www.sp11.gliwice.pl\/index.php?rest_route=%2Fwp%2Fv2%2Fcomments&post=14581"}],"version-history":[{"count":1,"href":"https:\/\/www.sp11.gliwice.pl\/index.php?rest_route=\/wp\/v2\/posts\/14581\/revisions"}],"predecessor-version":[{"id":14583,"href":"https:\/\/www.sp11.gliwice.pl\/index.php?rest_route=\/wp\/v2\/posts\/14581\/revisions\/14583"}],"wp:featuredmedia":[{"embeddable":true,"href":"https:\/\/www.sp11.gliwice.pl\/index.php?rest_route=\/wp\/v2\/media\/14582"}],"wp:attachment":[{"href":"https:\/\/www.sp11.gliwice.pl\/index.php?rest_route=%2Fwp%2Fv2%2Fmedia&parent=14581"}],"wp:term":[{"taxonomy":"category","embeddable":true,"href":"https:\/\/www.sp11.gliwice.pl\/index.php?rest_route=%2Fwp%2Fv2%2Fcategories&post=14581"},{"taxonomy":"post_tag","embeddable":true,"href":"https:\/\/www.sp11.gliwice.pl\/index.php?rest_route=%2Fwp%2Fv2%2Ftags&post=14581"}],"curies":[{"name":"wp","href":"https:\/\/api.w.org\/{rel}","templated":true}]}}