{"id":14565,"date":"2024-10-01T14:01:09","date_gmt":"2024-10-01T12:01:09","guid":{"rendered":"https:\/\/www.sp11.gliwice.pl\/?p=14565"},"modified":"2024-10-01T14:01:09","modified_gmt":"2024-10-01T12:01:09","slug":"dzien-chlopaka-w-przedszkolu","status":"publish","type":"post","link":"https:\/\/www.sp11.gliwice.pl\/?p=14565","title":{"rendered":"Dzie\u0144 Ch\u0142opaka w przedszkolu :)"},"content":{"rendered":"<p><span style=\"color: #000000;\">\u201eW kalendarzu wielka draka,<\/span><br \/>\n<span style=\"color: #000000;\">30 wrze\u015bnia &#8211; Dzie\u0144 Ch\u0142opaka,<\/span><br \/>\n<span style=\"color: #000000;\">my dzi\u015b o Was pami\u0119tamy<\/span><br \/>\n<span style=\"color: #000000;\">i \u017cyczenia wam sk\u0142adamy\u201d.<\/span><\/p>\n<p><span style=\"color: #000000;\">Od najm\u0142odszych lat uczymy dzieci, aby pami\u0119ta\u0142y o wa\u017cnych uroczysto\u015bciach w \u017cyciu rodziny czy \u017cyciu przedszkola.<\/span><br \/>\n<span style=\"color: #000000;\">R\u00f3wnie wa\u017cne jest wi\u0119c \u015awi\u0119to Ch\u0142opc\u00f3w, kt\u00f3re obchodzimy 30 wrze\u015bnia. W tym dniu we wszystkich grupach dziewczynki<\/span><br \/>\n<span style=\"color: #000000;\">wr\u0119cza\u0142y ch\u0142opcom upominki. Ch\u0142opcy ubrani w korony prezentowali si\u0119 po kr\u00f3lewsku i z wdzi\u0119czno\u015bci\u0105 przyjmowali upominki, nie zabrak\u0142o te\u017c s\u0142odko\u015bci i wsp\u00f3lnych zabaw. We wszystkich grupach by\u0142 to dzie\u0144 pe\u0142en wra\u017ce\u0144, atrakcji i dobrej zabawy. Na zako\u0144czenie wykonano pami\u0105tkowe zdj\u0119cia. Wszystkim ch\u0142opcom sk\u0142adamy serdeczne \u017cyczenia!!!<\/span><\/p>\n<p style=\"text-align: right;\"><em>mgr Katarzyna Szyd\u0142o<\/em><\/p>\nngg_shortcode_0_placeholder\n","protected":false},"excerpt":{"rendered":"<p>\u201eW kalendarzu wielka draka, 30 wrze\u015bnia &#8211; Dzie\u0144 Ch\u0142opaka, my dzi\u015b o Was pami\u0119tamy i \u017cyczenia wam sk\u0142adamy\u201d. Od najm\u0142odszych lat uczymy dzieci, aby pami\u0119ta\u0142y [&hellip;]<\/p>\n","protected":false},"author":3,"featured_media":14566,"comment_status":"closed","ping_status":"closed","sticky":false,"template":"","format":"standard","meta":{"ngg_post_thumbnail":0,"footnotes":""},"categories":[4],"tags":[],"class_list":["post-14565","post","type-post","status-publish","format-standard","has-post-thumbnail","hentry","category-aktualnosci"],"_links":{"self":[{"href":"https:\/\/www.sp11.gliwice.pl\/index.php?rest_route=\/wp\/v2\/posts\/14565","targetHints":{"allow":["GET"]}}],"collection":[{"href":"https:\/\/www.sp11.gliwice.pl\/index.php?rest_route=\/wp\/v2\/posts"}],"about":[{"href":"https:\/\/www.sp11.gliwice.pl\/index.php?rest_route=\/wp\/v2\/types\/post"}],"author":[{"embeddable":true,"href":"https:\/\/www.sp11.gliwice.pl\/index.php?rest_route=\/wp\/v2\/users\/3"}],"replies":[{"embeddable":true,"href":"https:\/\/www.sp11.gliwice.pl\/index.php?rest_route=%2Fwp%2Fv2%2Fcomments&post=14565"}],"version-history":[{"count":1,"href":"https:\/\/www.sp11.gliwice.pl\/index.php?rest_route=\/wp\/v2\/posts\/14565\/revisions"}],"predecessor-version":[{"id":14567,"href":"https:\/\/www.sp11.gliwice.pl\/index.php?rest_route=\/wp\/v2\/posts\/14565\/revisions\/14567"}],"wp:featuredmedia":[{"embeddable":true,"href":"https:\/\/www.sp11.gliwice.pl\/index.php?rest_route=\/wp\/v2\/media\/14566"}],"wp:attachment":[{"href":"https:\/\/www.sp11.gliwice.pl\/index.php?rest_route=%2Fwp%2Fv2%2Fmedia&parent=14565"}],"wp:term":[{"taxonomy":"category","embeddable":true,"href":"https:\/\/www.sp11.gliwice.pl\/index.php?rest_route=%2Fwp%2Fv2%2Fcategories&post=14565"},{"taxonomy":"post_tag","embeddable":true,"href":"https:\/\/www.sp11.gliwice.pl\/index.php?rest_route=%2Fwp%2Fv2%2Ftags&post=14565"}],"curies":[{"name":"wp","href":"https:\/\/api.w.org\/{rel}","templated":true}]}}