{"id":14527,"date":"2024-09-29T21:42:55","date_gmt":"2024-09-29T19:42:55","guid":{"rendered":"https:\/\/www.sp11.gliwice.pl\/?p=14527"},"modified":"2024-09-30T13:18:49","modified_gmt":"2024-09-30T11:18:49","slug":"biedronka-projekt-klasy-3b","status":"publish","type":"post","link":"https:\/\/www.sp11.gliwice.pl\/?p=14527","title":{"rendered":"BIEDRONKA &#8211; projekt klasy 3b"},"content":{"rendered":"<p><span style=\"color: #000000;\">26 i 27 wrze\u015bnia Klasa 3 b realizowa\u0142a projekt &#8211; BIEDRONKA- celem projektu by\u0142o upi\u0119kszenie terenu ko\u0142o szko\u0142y i zach\u0119cenie dzieci do postaw proekologicznych.<\/span><br \/>\n<span style=\"color: #000000;\">Dzieci wraz z rodzicami dwa dni pracowa\u0142y nad kwietnikiem w kszta\u0142cie biedronki. Do wype\u0142nionego ziemi\u0105 kwietnika, przyklejono czarne kropki z imionami dzieci, nast\u0119pnie posadzono rozchodniki w dw\u00f3ch kolorach, zielonym i czerwonym ( zaczerwieni si\u0119 na wiosn\u0119). Wszyscy mog\u0105 teraz podziwia\u0107 BIEDRONECZK\u0118 .<\/span><\/p>\n<p style=\"text-align: right;\"><em>mgr Jolanta Lisowska<\/em><\/p>\nngg_shortcode_0_placeholder\n","protected":false},"excerpt":{"rendered":"<p>26 i 27 wrze\u015bnia Klasa 3 b realizowa\u0142a projekt &#8211; BIEDRONKA- celem projektu by\u0142o upi\u0119kszenie terenu ko\u0142o szko\u0142y i zach\u0119cenie dzieci do postaw proekologicznych. Dzieci [&hellip;]<\/p>\n","protected":false},"author":3,"featured_media":14554,"comment_status":"closed","ping_status":"closed","sticky":false,"template":"","format":"standard","meta":{"ngg_post_thumbnail":0,"footnotes":""},"categories":[4],"tags":[],"class_list":["post-14527","post","type-post","status-publish","format-standard","has-post-thumbnail","hentry","category-aktualnosci"],"_links":{"self":[{"href":"https:\/\/www.sp11.gliwice.pl\/index.php?rest_route=\/wp\/v2\/posts\/14527","targetHints":{"allow":["GET"]}}],"collection":[{"href":"https:\/\/www.sp11.gliwice.pl\/index.php?rest_route=\/wp\/v2\/posts"}],"about":[{"href":"https:\/\/www.sp11.gliwice.pl\/index.php?rest_route=\/wp\/v2\/types\/post"}],"author":[{"embeddable":true,"href":"https:\/\/www.sp11.gliwice.pl\/index.php?rest_route=\/wp\/v2\/users\/3"}],"replies":[{"embeddable":true,"href":"https:\/\/www.sp11.gliwice.pl\/index.php?rest_route=%2Fwp%2Fv2%2Fcomments&post=14527"}],"version-history":[{"count":1,"href":"https:\/\/www.sp11.gliwice.pl\/index.php?rest_route=\/wp\/v2\/posts\/14527\/revisions"}],"predecessor-version":[{"id":14530,"href":"https:\/\/www.sp11.gliwice.pl\/index.php?rest_route=\/wp\/v2\/posts\/14527\/revisions\/14530"}],"wp:featuredmedia":[{"embeddable":true,"href":"https:\/\/www.sp11.gliwice.pl\/index.php?rest_route=\/wp\/v2\/media\/14554"}],"wp:attachment":[{"href":"https:\/\/www.sp11.gliwice.pl\/index.php?rest_route=%2Fwp%2Fv2%2Fmedia&parent=14527"}],"wp:term":[{"taxonomy":"category","embeddable":true,"href":"https:\/\/www.sp11.gliwice.pl\/index.php?rest_route=%2Fwp%2Fv2%2Fcategories&post=14527"},{"taxonomy":"post_tag","embeddable":true,"href":"https:\/\/www.sp11.gliwice.pl\/index.php?rest_route=%2Fwp%2Fv2%2Ftags&post=14527"}],"curies":[{"name":"wp","href":"https:\/\/api.w.org\/{rel}","templated":true}]}}