{"id":14522,"date":"2024-09-29T21:33:49","date_gmt":"2024-09-29T19:33:49","guid":{"rendered":"https:\/\/www.sp11.gliwice.pl\/?p=14522"},"modified":"2024-09-29T21:33:49","modified_gmt":"2024-09-29T19:33:49","slug":"dzien-jablka-w-przedszkolu-2","status":"publish","type":"post","link":"https:\/\/www.sp11.gliwice.pl\/?p=14522","title":{"rendered":"Dzie\u0144 jab\u0142ka w przedszkolu  :)"},"content":{"rendered":"<p style=\"text-align: left;\"><span style=\"color: #000000;\">Zielone\ud83c\udf4f, czerwone\ud83c\udf4e, okr\u0105g\u0142e, pachn\u0105ce a jako przek\u0105ska niezwykle syc\u0105ce&#8230; Jab\u0142ko \u2013 pe\u0142ne witaminek dla ch\u0142opak\u00f3w i dziewczynek. Wszyscy jab\u0142ka ch\u0119tnie jemy\ud83d\ude0b i DZIE\u0143 JAB\u0141KA \u015bwi\u0119tujemy&#8221;\ud83c\udf89\ud83c\udf89. 27 wrze\u015bnia w naszym przedszkolu obchodzili\u015bmy Dzie\u0144 Jab\u0142ka. Celem zaj\u0119\u0107 i wsp\u00f3lnej zabawy by\u0142a integracja wszystkich przedszkolak\u00f3w oraz zach\u0119canie ich do spo\u017cywania \ud83c\udf4e\ud83c\udf4f\ud83c\udf4e, kt\u00f3re ze wzgl\u0119du na swoje walory zdrowotne i od\u017cywcze stanowi\u0105 zdrow\u0105 przek\u0105sk\u0119 na ka\u017cdy dzie\u0144. Kolorowy DZIE\u0143 JAB\u0141KOWY zaliczamy do bardzo udanych, wszystkie grupy wykona\u0142y prace plastyczne, by\u0142y zabawy matematyczne oraz degustacja \ud83c\udf4e, najstarsza grupa przedszkolna obejrza\u0142a r\u00f3wnie\u017c prezentacj\u0119 multimedialn\u0105 oraz samodzielnie pod nadzorem Pani Celinki przygotowa\u0142a pyszny i zdrowy sok z jab\u0142ek.<\/span><\/p>\n<p style=\"text-align: right;\"><em>Joanna Aleksander<\/em><\/p>\nngg_shortcode_0_placeholder\n","protected":false},"excerpt":{"rendered":"<p>Zielone\ud83c\udf4f, czerwone\ud83c\udf4e, okr\u0105g\u0142e, pachn\u0105ce a jako przek\u0105ska niezwykle syc\u0105ce&#8230; Jab\u0142ko \u2013 pe\u0142ne witaminek dla ch\u0142opak\u00f3w i dziewczynek. Wszyscy jab\u0142ka ch\u0119tnie jemy\ud83d\ude0b i DZIE\u0143 JAB\u0141KA \u015bwi\u0119tujemy&#8221;\ud83c\udf89\ud83c\udf89. [&hellip;]<\/p>\n","protected":false},"author":3,"featured_media":14523,"comment_status":"closed","ping_status":"closed","sticky":false,"template":"","format":"standard","meta":{"ngg_post_thumbnail":0,"footnotes":""},"categories":[4],"tags":[],"class_list":["post-14522","post","type-post","status-publish","format-standard","has-post-thumbnail","hentry","category-aktualnosci"],"_links":{"self":[{"href":"https:\/\/www.sp11.gliwice.pl\/index.php?rest_route=\/wp\/v2\/posts\/14522","targetHints":{"allow":["GET"]}}],"collection":[{"href":"https:\/\/www.sp11.gliwice.pl\/index.php?rest_route=\/wp\/v2\/posts"}],"about":[{"href":"https:\/\/www.sp11.gliwice.pl\/index.php?rest_route=\/wp\/v2\/types\/post"}],"author":[{"embeddable":true,"href":"https:\/\/www.sp11.gliwice.pl\/index.php?rest_route=\/wp\/v2\/users\/3"}],"replies":[{"embeddable":true,"href":"https:\/\/www.sp11.gliwice.pl\/index.php?rest_route=%2Fwp%2Fv2%2Fcomments&post=14522"}],"version-history":[{"count":1,"href":"https:\/\/www.sp11.gliwice.pl\/index.php?rest_route=\/wp\/v2\/posts\/14522\/revisions"}],"predecessor-version":[{"id":14524,"href":"https:\/\/www.sp11.gliwice.pl\/index.php?rest_route=\/wp\/v2\/posts\/14522\/revisions\/14524"}],"wp:featuredmedia":[{"embeddable":true,"href":"https:\/\/www.sp11.gliwice.pl\/index.php?rest_route=\/wp\/v2\/media\/14523"}],"wp:attachment":[{"href":"https:\/\/www.sp11.gliwice.pl\/index.php?rest_route=%2Fwp%2Fv2%2Fmedia&parent=14522"}],"wp:term":[{"taxonomy":"category","embeddable":true,"href":"https:\/\/www.sp11.gliwice.pl\/index.php?rest_route=%2Fwp%2Fv2%2Fcategories&post=14522"},{"taxonomy":"post_tag","embeddable":true,"href":"https:\/\/www.sp11.gliwice.pl\/index.php?rest_route=%2Fwp%2Fv2%2Ftags&post=14522"}],"curies":[{"name":"wp","href":"https:\/\/api.w.org\/{rel}","templated":true}]}}