{"id":14509,"date":"2024-09-29T21:28:39","date_gmt":"2024-09-29T19:28:39","guid":{"rendered":"https:\/\/www.sp11.gliwice.pl\/?p=14509"},"modified":"2024-09-29T21:28:39","modified_gmt":"2024-09-29T19:28:39","slug":"jesien-jesien-ach-to-ty","status":"publish","type":"post","link":"https:\/\/www.sp11.gliwice.pl\/?p=14509","title":{"rendered":"Jesie\u0144, jesie\u0144 &#8230; ach to Ty :)"},"content":{"rendered":"<p><span style=\"color: #000000;\">23.09 do naszego przedszkola zawita\u0142a Pani Jesie\u0144. Dzieci uwa\u017cnie wys\u0142ucha\u0142y opowie\u015bci o tym jakie zmiany zachodz\u0105 w przyrodzie o tej porze roku. Grupa \u017babek oraz Puchatk\u00f3w wybra\u0142y si\u0119 na spacer, aby podziwia\u0107 i obserwowa\u0107 malowniczy jesienny krajobraz. Ka\u017cdy przedszkolak wr\u00f3ci\u0142 z w\u0119dr\u00f3wki z pi\u0119knym kolorowym li\u015bciem w r\u0119ku.<\/span><\/p>\n<p style=\"text-align: right;\"><em>mgr Katarzyna P\u0142onka<\/em><\/p>\nngg_shortcode_0_placeholder\n","protected":false},"excerpt":{"rendered":"<p>23.09 do naszego przedszkola zawita\u0142a Pani Jesie\u0144. Dzieci uwa\u017cnie wys\u0142ucha\u0142y opowie\u015bci o tym jakie zmiany zachodz\u0105 w przyrodzie o tej porze roku. Grupa \u017babek oraz [&hellip;]<\/p>\n","protected":false},"author":3,"featured_media":14510,"comment_status":"closed","ping_status":"closed","sticky":false,"template":"","format":"standard","meta":{"ngg_post_thumbnail":0,"footnotes":""},"categories":[4],"tags":[],"class_list":["post-14509","post","type-post","status-publish","format-standard","has-post-thumbnail","hentry","category-aktualnosci"],"_links":{"self":[{"href":"https:\/\/www.sp11.gliwice.pl\/index.php?rest_route=\/wp\/v2\/posts\/14509","targetHints":{"allow":["GET"]}}],"collection":[{"href":"https:\/\/www.sp11.gliwice.pl\/index.php?rest_route=\/wp\/v2\/posts"}],"about":[{"href":"https:\/\/www.sp11.gliwice.pl\/index.php?rest_route=\/wp\/v2\/types\/post"}],"author":[{"embeddable":true,"href":"https:\/\/www.sp11.gliwice.pl\/index.php?rest_route=\/wp\/v2\/users\/3"}],"replies":[{"embeddable":true,"href":"https:\/\/www.sp11.gliwice.pl\/index.php?rest_route=%2Fwp%2Fv2%2Fcomments&post=14509"}],"version-history":[{"count":1,"href":"https:\/\/www.sp11.gliwice.pl\/index.php?rest_route=\/wp\/v2\/posts\/14509\/revisions"}],"predecessor-version":[{"id":14511,"href":"https:\/\/www.sp11.gliwice.pl\/index.php?rest_route=\/wp\/v2\/posts\/14509\/revisions\/14511"}],"wp:featuredmedia":[{"embeddable":true,"href":"https:\/\/www.sp11.gliwice.pl\/index.php?rest_route=\/wp\/v2\/media\/14510"}],"wp:attachment":[{"href":"https:\/\/www.sp11.gliwice.pl\/index.php?rest_route=%2Fwp%2Fv2%2Fmedia&parent=14509"}],"wp:term":[{"taxonomy":"category","embeddable":true,"href":"https:\/\/www.sp11.gliwice.pl\/index.php?rest_route=%2Fwp%2Fv2%2Fcategories&post=14509"},{"taxonomy":"post_tag","embeddable":true,"href":"https:\/\/www.sp11.gliwice.pl\/index.php?rest_route=%2Fwp%2Fv2%2Ftags&post=14509"}],"curies":[{"name":"wp","href":"https:\/\/api.w.org\/{rel}","templated":true}]}}