{"id":14454,"date":"2024-09-22T17:03:14","date_gmt":"2024-09-22T15:03:14","guid":{"rendered":"https:\/\/www.sp11.gliwice.pl\/?p=14454"},"modified":"2024-09-23T12:40:31","modified_gmt":"2024-09-23T10:40:31","slug":"dzien-przedszkolaka-4","status":"publish","type":"post","link":"https:\/\/www.sp11.gliwice.pl\/?p=14454","title":{"rendered":"Dzie\u0144 Przedszkolaka"},"content":{"rendered":"<p><span style=\"color: #000000;\">20.09. z okazji Dnia Przedszkolaka, dwie najstarsze grupy ( \u017babki i Puchatki) uda\u0142y si\u0119 na krajoznawcz\u0105 wycieczk\u0119. Dzieci obserwowa\u0142y zmiany zachodz\u0105ce w przyrodzie, mia\u0142y okazj\u0119 nakarmi\u0107 kaczki&#8230;Po spacerze poszli\u015bmy na pyszne lody! Dzie\u0144 by\u0142 pe\u0142en wra\u017ce\u0144, uwieczniony okoliczno\u015bciowymi dyplomikami.<\/span><\/p>\n<p>&#8222;Ka\u017cdy przedszkolak dobrze wie, \u017ce kiedy 20 wrzesie\u0144 zbli\u017ca si\u0119, od najm\u0142odszego, a\u017c po starszaka, wszyscy \u015bwi\u0119tuj\u0105 Dzie\u0144 Przedszkolaka&#8221;\ud83c\udf89 Najm\u0142odsze grupy (\ud83e\uddf8i \ud83e\udd94) sp\u0119dzi\u0142y ten dzie\u0144 na \u015bwietnej zabawie pe\u0142nej rado\u015bci i u\u015bmiech\u00f3w. Wszystkim przedszkolakom \u017cyczymy rado\u015bci, spe\u0142nienia marze\u0144, oraz u\u015bmiech\u00f3w na co dzie\u0144 \ud83c\udf89<\/p>\nngg_shortcode_0_placeholder\n","protected":false},"excerpt":{"rendered":"<p>20.09. z okazji Dnia Przedszkolaka, dwie najstarsze grupy ( \u017babki i Puchatki) uda\u0142y si\u0119 na krajoznawcz\u0105 wycieczk\u0119. Dzieci obserwowa\u0142y zmiany zachodz\u0105ce w przyrodzie, mia\u0142y okazj\u0119 [&hellip;]<\/p>\n","protected":false},"author":3,"featured_media":14455,"comment_status":"closed","ping_status":"closed","sticky":false,"template":"","format":"standard","meta":{"ngg_post_thumbnail":0,"footnotes":""},"categories":[4],"tags":[],"class_list":["post-14454","post","type-post","status-publish","format-standard","has-post-thumbnail","hentry","category-aktualnosci"],"_links":{"self":[{"href":"https:\/\/www.sp11.gliwice.pl\/index.php?rest_route=\/wp\/v2\/posts\/14454","targetHints":{"allow":["GET"]}}],"collection":[{"href":"https:\/\/www.sp11.gliwice.pl\/index.php?rest_route=\/wp\/v2\/posts"}],"about":[{"href":"https:\/\/www.sp11.gliwice.pl\/index.php?rest_route=\/wp\/v2\/types\/post"}],"author":[{"embeddable":true,"href":"https:\/\/www.sp11.gliwice.pl\/index.php?rest_route=\/wp\/v2\/users\/3"}],"replies":[{"embeddable":true,"href":"https:\/\/www.sp11.gliwice.pl\/index.php?rest_route=%2Fwp%2Fv2%2Fcomments&post=14454"}],"version-history":[{"count":2,"href":"https:\/\/www.sp11.gliwice.pl\/index.php?rest_route=\/wp\/v2\/posts\/14454\/revisions"}],"predecessor-version":[{"id":14473,"href":"https:\/\/www.sp11.gliwice.pl\/index.php?rest_route=\/wp\/v2\/posts\/14454\/revisions\/14473"}],"wp:featuredmedia":[{"embeddable":true,"href":"https:\/\/www.sp11.gliwice.pl\/index.php?rest_route=\/wp\/v2\/media\/14455"}],"wp:attachment":[{"href":"https:\/\/www.sp11.gliwice.pl\/index.php?rest_route=%2Fwp%2Fv2%2Fmedia&parent=14454"}],"wp:term":[{"taxonomy":"category","embeddable":true,"href":"https:\/\/www.sp11.gliwice.pl\/index.php?rest_route=%2Fwp%2Fv2%2Fcategories&post=14454"},{"taxonomy":"post_tag","embeddable":true,"href":"https:\/\/www.sp11.gliwice.pl\/index.php?rest_route=%2Fwp%2Fv2%2Ftags&post=14454"}],"curies":[{"name":"wp","href":"https:\/\/api.w.org\/{rel}","templated":true}]}}