{"id":14418,"date":"2024-09-18T18:39:16","date_gmt":"2024-09-18T16:39:16","guid":{"rendered":"https:\/\/www.sp11.gliwice.pl\/?p=14418"},"modified":"2024-09-18T18:39:16","modified_gmt":"2024-09-18T16:39:16","slug":"dzien-kropki","status":"publish","type":"post","link":"https:\/\/www.sp11.gliwice.pl\/?p=14418","title":{"rendered":"Dzie\u0144 Kropki :)"},"content":{"rendered":"<p><span style=\"color: #000000;\">16 wrze\u015bnia w naszym przedszkolu obchodzili\u015bmy Mi\u0119dzynarodowy Dzie\u0144 Kropki. <span class=\"c3biWd ILfuVd\" lang=\"pl\"><span class=\"hgKElc\">Jest to <b>\u015bwi\u0119to odkrywania talent\u00f3w, kreatywno\u015bci, odwagi, a przede wszystkim dobrej zabawy<\/b>. Wszystko zacz\u0119\u0142o si\u0119 od opowiastki pt. \u201eThe Dot\u201d (Kropka), autorstwa kanadyjskiego pisarza i ilustratora ksi\u0105\u017cek dla dzieci \u2013 Petera H.<\/span><\/span>Nasze przedszkolaki dzi\u0119ki prezentacji multimedialnej mog\u0142y si\u0119 dowiedzie\u0107, co zapocz\u0105tkowa\u0142o ten dzie\u0144; by\u0142y zabawy, konkursy, a na zako\u0144czenie fajne prace plastyczne i okoliczno\u015bciowe dyplomiki.<\/span><\/p>\n<p style=\"text-align: right;\"><em>mgr Cecylia Pierzcha\u0142a<\/em><\/p>\nngg_shortcode_0_placeholder\n","protected":false},"excerpt":{"rendered":"<p>16 wrze\u015bnia w naszym przedszkolu obchodzili\u015bmy Mi\u0119dzynarodowy Dzie\u0144 Kropki. Jest to \u015bwi\u0119to odkrywania talent\u00f3w, kreatywno\u015bci, odwagi, a przede wszystkim dobrej zabawy. Wszystko zacz\u0119\u0142o si\u0119 od [&hellip;]<\/p>\n","protected":false},"author":3,"featured_media":14419,"comment_status":"closed","ping_status":"closed","sticky":false,"template":"","format":"standard","meta":{"ngg_post_thumbnail":0,"footnotes":""},"categories":[4],"tags":[],"class_list":["post-14418","post","type-post","status-publish","format-standard","has-post-thumbnail","hentry","category-aktualnosci"],"_links":{"self":[{"href":"https:\/\/www.sp11.gliwice.pl\/index.php?rest_route=\/wp\/v2\/posts\/14418","targetHints":{"allow":["GET"]}}],"collection":[{"href":"https:\/\/www.sp11.gliwice.pl\/index.php?rest_route=\/wp\/v2\/posts"}],"about":[{"href":"https:\/\/www.sp11.gliwice.pl\/index.php?rest_route=\/wp\/v2\/types\/post"}],"author":[{"embeddable":true,"href":"https:\/\/www.sp11.gliwice.pl\/index.php?rest_route=\/wp\/v2\/users\/3"}],"replies":[{"embeddable":true,"href":"https:\/\/www.sp11.gliwice.pl\/index.php?rest_route=%2Fwp%2Fv2%2Fcomments&post=14418"}],"version-history":[{"count":1,"href":"https:\/\/www.sp11.gliwice.pl\/index.php?rest_route=\/wp\/v2\/posts\/14418\/revisions"}],"predecessor-version":[{"id":14420,"href":"https:\/\/www.sp11.gliwice.pl\/index.php?rest_route=\/wp\/v2\/posts\/14418\/revisions\/14420"}],"wp:featuredmedia":[{"embeddable":true,"href":"https:\/\/www.sp11.gliwice.pl\/index.php?rest_route=\/wp\/v2\/media\/14419"}],"wp:attachment":[{"href":"https:\/\/www.sp11.gliwice.pl\/index.php?rest_route=%2Fwp%2Fv2%2Fmedia&parent=14418"}],"wp:term":[{"taxonomy":"category","embeddable":true,"href":"https:\/\/www.sp11.gliwice.pl\/index.php?rest_route=%2Fwp%2Fv2%2Fcategories&post=14418"},{"taxonomy":"post_tag","embeddable":true,"href":"https:\/\/www.sp11.gliwice.pl\/index.php?rest_route=%2Fwp%2Fv2%2Ftags&post=14418"}],"curies":[{"name":"wp","href":"https:\/\/api.w.org\/{rel}","templated":true}]}}