{"id":14320,"date":"2024-09-02T12:43:22","date_gmt":"2024-09-02T10:43:22","guid":{"rendered":"https:\/\/www.sp11.gliwice.pl\/?p=14320"},"modified":"2024-09-02T12:43:22","modified_gmt":"2024-09-02T10:43:22","slug":"szkoly-pelne-talentow-2","status":"publish","type":"post","link":"https:\/\/www.sp11.gliwice.pl\/?p=14320","title":{"rendered":"Szko\u0142y Pe\u0142ne Talent\u00f3w"},"content":{"rendered":"<p><span style=\"color: #000000;\">W tym roku szkolnym nasza szko\u0142a ponownie przyst\u0105pi\u0142a do udzia\u0142u w Projekcie Lidla &#8211; Szko\u0142y Pe\u0142ne Talent\u00f3w. <\/span><\/p>\n<p><span style=\"color: #000000;\">Akcja rozpoczyna si\u0119 <strong>2 wrze\u015bnia 2024<\/strong> &#8211; robi\u0105c zakupy w Lidlu pobieramy TALENCIAKI &#8211; nast\u0119pnie skanujemy kod QR lub wchodzimy na stron\u0119:<\/span><\/p>\n<p><span style=\"color: #000000;\"><a style=\"color: #000000;\" href=\"https:\/\/szkoly.lidl.pl\/Talenciaki\/daneSzkoly\/45648\" target=\"_blank\" rel=\"noopener\"><span style=\"color: #3366ff;\">https:\/\/szkoly.lidl.pl\/Talenciaki\/daneSzkoly\/45648&nbsp;<\/span> <\/a><\/span><\/p>\n<p><span style=\"color: #000000;\">i przypisujemy talenciaka.<\/span><\/p>\n<p><span style=\"color: #000000;\">Szko\u0142a wymieni TALENCIAKI na nagrody&nbsp; dla uczni\u00f3w \ud83d\ude42 <\/span><\/p>\n<p><span style=\"color: #000000;\">Zapraszamy do udzia\u0142u \ud83d\ude42<\/span><\/p>\nngg_shortcode_0_placeholder\n","protected":false},"excerpt":{"rendered":"<p>W tym roku szkolnym nasza szko\u0142a ponownie przyst\u0105pi\u0142a do udzia\u0142u w Projekcie Lidla &#8211; Szko\u0142y Pe\u0142ne Talent\u00f3w. Akcja rozpoczyna si\u0119 2 wrze\u015bnia 2024 &#8211; robi\u0105c [&hellip;]<\/p>\n","protected":false},"author":3,"featured_media":14321,"comment_status":"closed","ping_status":"closed","sticky":false,"template":"","format":"standard","meta":{"ngg_post_thumbnail":0,"footnotes":""},"categories":[4],"tags":[],"class_list":["post-14320","post","type-post","status-publish","format-standard","has-post-thumbnail","hentry","category-aktualnosci"],"_links":{"self":[{"href":"https:\/\/www.sp11.gliwice.pl\/index.php?rest_route=\/wp\/v2\/posts\/14320","targetHints":{"allow":["GET"]}}],"collection":[{"href":"https:\/\/www.sp11.gliwice.pl\/index.php?rest_route=\/wp\/v2\/posts"}],"about":[{"href":"https:\/\/www.sp11.gliwice.pl\/index.php?rest_route=\/wp\/v2\/types\/post"}],"author":[{"embeddable":true,"href":"https:\/\/www.sp11.gliwice.pl\/index.php?rest_route=\/wp\/v2\/users\/3"}],"replies":[{"embeddable":true,"href":"https:\/\/www.sp11.gliwice.pl\/index.php?rest_route=%2Fwp%2Fv2%2Fcomments&post=14320"}],"version-history":[{"count":1,"href":"https:\/\/www.sp11.gliwice.pl\/index.php?rest_route=\/wp\/v2\/posts\/14320\/revisions"}],"predecessor-version":[{"id":14322,"href":"https:\/\/www.sp11.gliwice.pl\/index.php?rest_route=\/wp\/v2\/posts\/14320\/revisions\/14322"}],"wp:featuredmedia":[{"embeddable":true,"href":"https:\/\/www.sp11.gliwice.pl\/index.php?rest_route=\/wp\/v2\/media\/14321"}],"wp:attachment":[{"href":"https:\/\/www.sp11.gliwice.pl\/index.php?rest_route=%2Fwp%2Fv2%2Fmedia&parent=14320"}],"wp:term":[{"taxonomy":"category","embeddable":true,"href":"https:\/\/www.sp11.gliwice.pl\/index.php?rest_route=%2Fwp%2Fv2%2Fcategories&post=14320"},{"taxonomy":"post_tag","embeddable":true,"href":"https:\/\/www.sp11.gliwice.pl\/index.php?rest_route=%2Fwp%2Fv2%2Ftags&post=14320"}],"curies":[{"name":"wp","href":"https:\/\/api.w.org\/{rel}","templated":true}]}}