{"id":14317,"date":"2024-09-02T12:30:50","date_gmt":"2024-09-02T10:30:50","guid":{"rendered":"https:\/\/www.sp11.gliwice.pl\/?p=14317"},"modified":"2024-09-02T12:47:53","modified_gmt":"2024-09-02T10:47:53","slug":"uroczyste-rozpoczecie-roku-szkolnego-2024-2025-2","status":"publish","type":"post","link":"https:\/\/www.sp11.gliwice.pl\/?p=14317","title":{"rendered":"UROCZYSTE ROZPOCZ\u0118CIE ROKU SZKOLNEGO 2024\/2025"},"content":{"rendered":"<p><span style=\"color: #000080;\">2 wrze\u015bnia 2024 na boisku naszej szko\u0142y odby\u0142a si\u0119 uroczysto\u015b\u0107 inauguruj\u0105ca nowy rok szkolny 2024\/2025.<\/span><\/p>\n<p><span style=\"color: #000080;\">Rozpocz\u0119li\u015bmy tradycyjnie od od\u015bpiewania Hymnu Pa\u0144stwowego. Pan Dyrektor przywita\u0142 wszystkich Rodzic\u00f3w, Uczni\u00f3w, Nauczycieli i przyby\u0142ych go\u015bci :<\/span><\/p>\n<p><span style=\"color: #000080;\"><strong>Ks. Krystian Ga\u0142\u0105ska<\/strong> &#8211; proboszcz Parafii \u015bw. J\u00f3zefa w Ligocie Zabrskiej<\/span><\/p>\n<p><span style=\"color: #000080;\"><strong>Pani Joanna Wojdyna<\/strong> &#8211; przewodnicz\u0105ca Rady Rodzic\u00f3w<\/span><\/p>\n<p><span style=\"color: #000080;\"><strong>Pan Marcin Grabiec<\/strong> &#8211; przewodnicz\u0105cy Rady Dzielnicy Ligota Zabrska<\/span><\/p>\n<p><span style=\"color: #000080;\">Po \u017cyczeniach na nowy rok szkolny, przedstawieniu nowych nauczycieli nadszed\u0142 czas na kolejnych bohater\u00f3w dzisiejszego dnia &#8211; <strong>PIERWSZOKLASIST\u00d3W<\/strong>. <\/span><br \/>\n<span style=\"color: #000080;\">Ustawili si\u0119 oni liczn\u0105 gromadk\u0105 przed nasz\u0105 spo\u0142eczno\u015bci\u0105, by z ogromnymi rogami obfito\u015bci i u\u015bmiechami na twarzach przej\u015b\u0107 na sal\u0119 gimnastyczn\u0105, gdzie odby\u0142o si\u0119 uroczyste pasowanie &nbsp;na uczni\u00f3w klasy 1. Ten historyczny w ich \u017cyciu moment obserwowali ze wzruszeniem rodzice.<\/span><\/p>\n<p><span style=\"color: #000080;\">Przed nami kolejny rok szkolny pe\u0142en nowych wyzwa\u0144, pracy oraz&nbsp;intensywnej nauki. \u017byczymy Wam <strong>Drodzy Uczniowie<\/strong>, by by\u0142 r\u00f3wnie\u017c czasem realizowania pasji i&nbsp;zainteresowa\u0144, budowania przyja\u017ani oraz zdobywania wa\u017cnych w&nbsp;\u017cyciu umiej\u0119tno\u015bci.<\/span><\/p>\n<p><span style=\"color: #000080;\"><strong>Szanowni Rodzice, <\/strong>Pa\u0144stwu \u017cyczymy, aby szko\u0142a by\u0142a dla Waszych dzieci bezpieczn\u0105 i&nbsp;przyjazn\u0105 plac\u00f3wk\u0105 edukacyjn\u0105, a&nbsp;Wasz wsp\u00f3\u0142udzia\u0142 w&nbsp;trosce o&nbsp;rozw\u00f3j dzieci przynosi\u0142 mn\u00f3stwo satysfakcji wszystkim, kt\u00f3rzy tworz\u0105 edukacyjn\u0105 rzeczywisto\u015b\u0107.<\/span><\/p>\nngg_shortcode_0_placeholder\n","protected":false},"excerpt":{"rendered":"<p>2 wrze\u015bnia 2024 na boisku naszej szko\u0142y odby\u0142a si\u0119 uroczysto\u015b\u0107 inauguruj\u0105ca nowy rok szkolny 2024\/2025. Rozpocz\u0119li\u015bmy tradycyjnie od od\u015bpiewania Hymnu Pa\u0144stwowego. Pan Dyrektor przywita\u0142 wszystkich [&hellip;]<\/p>\n","protected":false},"author":3,"featured_media":14318,"comment_status":"closed","ping_status":"closed","sticky":false,"template":"","format":"standard","meta":{"ngg_post_thumbnail":0,"footnotes":""},"categories":[4],"tags":[],"class_list":["post-14317","post","type-post","status-publish","format-standard","has-post-thumbnail","hentry","category-aktualnosci"],"_links":{"self":[{"href":"https:\/\/www.sp11.gliwice.pl\/index.php?rest_route=\/wp\/v2\/posts\/14317","targetHints":{"allow":["GET"]}}],"collection":[{"href":"https:\/\/www.sp11.gliwice.pl\/index.php?rest_route=\/wp\/v2\/posts"}],"about":[{"href":"https:\/\/www.sp11.gliwice.pl\/index.php?rest_route=\/wp\/v2\/types\/post"}],"author":[{"embeddable":true,"href":"https:\/\/www.sp11.gliwice.pl\/index.php?rest_route=\/wp\/v2\/users\/3"}],"replies":[{"embeddable":true,"href":"https:\/\/www.sp11.gliwice.pl\/index.php?rest_route=%2Fwp%2Fv2%2Fcomments&post=14317"}],"version-history":[{"count":2,"href":"https:\/\/www.sp11.gliwice.pl\/index.php?rest_route=\/wp\/v2\/posts\/14317\/revisions"}],"predecessor-version":[{"id":14323,"href":"https:\/\/www.sp11.gliwice.pl\/index.php?rest_route=\/wp\/v2\/posts\/14317\/revisions\/14323"}],"wp:featuredmedia":[{"embeddable":true,"href":"https:\/\/www.sp11.gliwice.pl\/index.php?rest_route=\/wp\/v2\/media\/14318"}],"wp:attachment":[{"href":"https:\/\/www.sp11.gliwice.pl\/index.php?rest_route=%2Fwp%2Fv2%2Fmedia&parent=14317"}],"wp:term":[{"taxonomy":"category","embeddable":true,"href":"https:\/\/www.sp11.gliwice.pl\/index.php?rest_route=%2Fwp%2Fv2%2Fcategories&post=14317"},{"taxonomy":"post_tag","embeddable":true,"href":"https:\/\/www.sp11.gliwice.pl\/index.php?rest_route=%2Fwp%2Fv2%2Ftags&post=14317"}],"curies":[{"name":"wp","href":"https:\/\/api.w.org\/{rel}","templated":true}]}}