{"id":14296,"date":"2024-08-16T09:26:31","date_gmt":"2024-08-16T07:26:31","guid":{"rendered":"https:\/\/www.sp11.gliwice.pl\/?p=14296"},"modified":"2024-08-21T12:04:06","modified_gmt":"2024-08-21T10:04:06","slug":"uroczyste-rozpoczecie-roku-szkolnego-2024-2025","status":"publish","type":"post","link":"https:\/\/www.sp11.gliwice.pl\/?p=14296","title":{"rendered":"Uroczyste rozpocz\u0119cie roku szkolnego 2024\/2025"},"content":{"rendered":"<p><span style=\"color: #000000;\">Inauguracja roku szkolnego 2024\/2025 odb\u0119dzie si\u0119 <span style=\"color: #ff0000;\"><strong>2 wrze\u015bnia 2024 o godz. 9.00<\/strong><\/span> na placu przed szko\u0142\u0105.<\/span><\/p>\n<p><span style=\"color: #000000;\">Ok. 9.30 klasy pierwsze wraz z rodzicami i wychowawcami przejd\u0105 na sal\u0119 gimnastyczn\u0105, gdzie odb\u0119dzie si\u0119 uroczyste pasowanie na UCZNIA \ud83d\ude42 <\/span><\/p>\n<p><span style=\"color: #000000;\">Klasy 2 &#8211; 8 przejd\u0105 z wychowawcami do swoich klas.<\/span><\/p>\n<p>o godz. 8.00 &#8211; ksi\u0105dz proboszcz zaprasza na msz\u0119<\/p>\n<p>&nbsp;<\/p>\n<p><span style=\"color: #000000;\"><strong>ZEBRANIA z RODZICAMI&nbsp; &#8211; 4 wrze\u015bnia 2024<\/strong><\/span><\/p>\n<p><span style=\"color: #000000;\"><strong>16.30 \u2013 przedszkole <\/strong><\/span><\/p>\n<p><span style=\"color: #000000;\"><strong>17.00 \u2013 kl.1-4<\/strong><\/span><\/p>\n<p><span style=\"color: #000000;\"><strong>17.30 \u2013 kl.5-8<\/strong><\/span><\/p>\n<p><span style=\"color: #000000;\"><strong>18.00 &#8211; Rada Rodzic\u00f3w z dyrektorem<\/strong><\/span><\/p>\nngg_shortcode_0_placeholder\n<p>&nbsp;<\/p>\n","protected":false},"excerpt":{"rendered":"<p>Inauguracja roku szkolnego 2024\/2025 odb\u0119dzie si\u0119 2 wrze\u015bnia 2024 o godz. 9.00 na placu przed szko\u0142\u0105. Ok. 9.30 klasy pierwsze wraz z rodzicami i wychowawcami [&hellip;]<\/p>\n","protected":false},"author":3,"featured_media":14299,"comment_status":"closed","ping_status":"closed","sticky":false,"template":"","format":"standard","meta":{"ngg_post_thumbnail":0,"footnotes":""},"categories":[4],"tags":[],"class_list":["post-14296","post","type-post","status-publish","format-standard","has-post-thumbnail","hentry","category-aktualnosci"],"_links":{"self":[{"href":"https:\/\/www.sp11.gliwice.pl\/index.php?rest_route=\/wp\/v2\/posts\/14296","targetHints":{"allow":["GET"]}}],"collection":[{"href":"https:\/\/www.sp11.gliwice.pl\/index.php?rest_route=\/wp\/v2\/posts"}],"about":[{"href":"https:\/\/www.sp11.gliwice.pl\/index.php?rest_route=\/wp\/v2\/types\/post"}],"author":[{"embeddable":true,"href":"https:\/\/www.sp11.gliwice.pl\/index.php?rest_route=\/wp\/v2\/users\/3"}],"replies":[{"embeddable":true,"href":"https:\/\/www.sp11.gliwice.pl\/index.php?rest_route=%2Fwp%2Fv2%2Fcomments&post=14296"}],"version-history":[{"count":2,"href":"https:\/\/www.sp11.gliwice.pl\/index.php?rest_route=\/wp\/v2\/posts\/14296\/revisions"}],"predecessor-version":[{"id":14303,"href":"https:\/\/www.sp11.gliwice.pl\/index.php?rest_route=\/wp\/v2\/posts\/14296\/revisions\/14303"}],"wp:featuredmedia":[{"embeddable":true,"href":"https:\/\/www.sp11.gliwice.pl\/index.php?rest_route=\/wp\/v2\/media\/14299"}],"wp:attachment":[{"href":"https:\/\/www.sp11.gliwice.pl\/index.php?rest_route=%2Fwp%2Fv2%2Fmedia&parent=14296"}],"wp:term":[{"taxonomy":"category","embeddable":true,"href":"https:\/\/www.sp11.gliwice.pl\/index.php?rest_route=%2Fwp%2Fv2%2Fcategories&post=14296"},{"taxonomy":"post_tag","embeddable":true,"href":"https:\/\/www.sp11.gliwice.pl\/index.php?rest_route=%2Fwp%2Fv2%2Ftags&post=14296"}],"curies":[{"name":"wp","href":"https:\/\/api.w.org\/{rel}","templated":true}]}}