{"id":14244,"date":"2024-06-24T13:50:58","date_gmt":"2024-06-24T11:50:58","guid":{"rendered":"https:\/\/www.sp11.gliwice.pl\/?p=14244"},"modified":"2024-06-24T13:50:58","modified_gmt":"2024-06-24T11:50:58","slug":"uroczyste-zakonczenie-roku-szkolnego-2023-2024","status":"publish","type":"post","link":"https:\/\/www.sp11.gliwice.pl\/?p=14244","title":{"rendered":"Uroczyste Zako\u0144czenie Roku Szkolnego 2023\/2024"},"content":{"rendered":"<p><span style=\"color: #000000;\">&nbsp;&nbsp;&nbsp;&nbsp;&nbsp;&nbsp;&nbsp;&nbsp;&nbsp;&nbsp;&nbsp; Kolejny rok szkolny za nami! Pi\u0105tek, 21 czerwca, by\u0142 dniem, na kt\u00f3ry od dawna czekali wszyscy Uczniowie. Po dziesi\u0119ciu miesi\u0105cach nauki i pracy wreszcie nadesz\u0142a pora na zas\u0142u\u017cony odpoczynek i tak d\u0142ugo wyczekiwane wakacje.<\/span><\/p>\n<p><span style=\"color: #000000;\">&nbsp;&nbsp;&nbsp;&nbsp;&nbsp;&nbsp;&nbsp;&nbsp;&nbsp;&nbsp;&nbsp; Uroczysto\u015b\u0107 zako\u0144czenia roku szkolnego odby\u0142a si\u0119 w dw\u00f3ch turach (najpierw \u2013 kl. 1-3, potem kl. 4-8). Oficjaln\u0105 cz\u0119\u015b\u0107 ka\u017cdej z nich rozpocz\u0119\u0142o od\u015bpiewanie ,,Mazurka D\u0105browskiego\u201d.&nbsp; Tego dnia, zgodnie z ceremonia\u0142em szkolnym, nast\u0105pi\u0142a te\u017c zmiana pocztu sztandarowego \u2013 przekazanie sztandaru.<\/span><\/p>\n<p><span style=\"color: #000000;\">&nbsp;&nbsp;&nbsp;&nbsp;&nbsp;&nbsp;&nbsp;&nbsp;&nbsp;&nbsp; <\/span><span style=\"color: #000000;\">Pan Dyrektor i Wychowawcy wr\u0119czyli Uczniom \u015bwiadectwa z wyr\u00f3\u017cnieniem, dyplomy oraz nagrody, a Rodzicom &#8211; listy gratulacyjne. Uczniowie otrzymali r\u00f3wnie\u017c wyr\u00f3\u017cnienia i nagrody za godne reprezentowanie Szko\u0142y w zawodach sportowych.<\/span><\/p>\n<p><span style=\"color: #000000;\">&nbsp;&nbsp;&nbsp;&nbsp;&nbsp;&nbsp;&nbsp;&nbsp;&nbsp;&nbsp;&nbsp; Przyznano tytu\u0142 <strong>Absolwenta Roku. Zosta\u0142a nim&nbsp; <\/strong>Julia Miarecka z kl. 8a.<\/span><\/p>\n<p><span style=\"color: #000000;\">&nbsp;&nbsp;&nbsp;&nbsp;&nbsp;&nbsp;&nbsp;&nbsp;&nbsp;&nbsp;&nbsp; Julia Miarecka zdoby\u0142a te\u017c tytu\u0142y: Najlepszego Polonisty, Anglisty, Germanisty, Fizyka, Biologa i Chemika.<\/span><\/p>\n<p><span style=\"color: #000000;\">&nbsp;&nbsp;&nbsp;&nbsp;&nbsp;&nbsp;&nbsp;&nbsp;&nbsp;&nbsp;&nbsp; Najlepszym Matematykiem zosta\u0142 Samuel Urbanek z kl. 7a. Tytu\u0142 Najlepszego Informatyka przypad\u0142 Bartoszowi Fiebackowi z kl. 5a.<\/span><\/p>\n<p><span style=\"color: #000000;\">&nbsp;&nbsp;&nbsp;&nbsp;&nbsp;&nbsp;&nbsp;&nbsp;&nbsp;&nbsp;&nbsp; Tytu\u0142 Najlepszego Sportowca w kategorii dziewcz\u0105t otrzyma\u0142a Cassandra Kwieci\u0144ska-Brylok z kl. 7a, w kategorii ch\u0142opc\u00f3w \u2013 Cezary Kwieci\u0144ski-Brylok z kl. 6a.<\/span><\/p>\n<p><span style=\"color: #000000;\">&nbsp;&nbsp;&nbsp;&nbsp;&nbsp;&nbsp;&nbsp;&nbsp;&nbsp;&nbsp;&nbsp; Uczniom wyr\u00f3\u017cniaj\u0105cym si\u0119 w nauce wr\u0119czono <strong>stypendia naukowe<\/strong>. Pierwszy raz<\/span><br \/>\n<span style=\"color: #000000;\">w historii naszej Szko\u0142y zosta\u0142o przyznane <strong>stypendium za osi\u0105gni\u0119cia sportowe<\/strong>. Otrzyma\u0142a je Cassandra Kwieci\u0144ska-Brylok z kl. 7a.<\/span><\/p>\n<p><span style=\"color: #000000;\">&nbsp;&nbsp;&nbsp;&nbsp;&nbsp;&nbsp;&nbsp;&nbsp;&nbsp;&nbsp;&nbsp; Tytu\u0142em <strong>Przyjaciela Szko\u0142y,<\/strong> pami\u0105tkow\u0105 odznak\u0105 oraz dyplomem w tym roku szkolnym zostali uhonorowani: Pani <strong>Joanna Wojdyna <\/strong>\u2013 Przewodnicz\u0105ca Rady Rodzic\u00f3w oraz Pan <strong>Janusz Adam Siejko<\/strong> \u2013 by\u0142y Skarbnik Urz\u0119du Miasta Gliwice.<\/span><\/p>\n<p><span style=\"color: #000000;\">&nbsp;&nbsp;&nbsp;&nbsp;&nbsp;&nbsp;&nbsp;&nbsp;&nbsp;&nbsp; <\/span><span style=\"color: #000000;\">W cz\u0119\u015bci artystycznej nie zabrak\u0142o \u0142ez wzruszenia, a to za spraw\u0105 po\u017cegnania z \u00d3smoklasistami, kt\u00f3rym Przedstawiciele klas 6 i 7 w programie artystycznym przypomnieli lata sp\u0119dzone w Jedenastce. Uhonorowali te\u017c starszych Koleg\u00f3w niezwyk\u0142ymi odznaczeniami \u2013 tytu\u0142ami w r\u00f3\u017cnych kategoriach, pogratulowali im przer\u00f3\u017cnych osi\u0105gni\u0119\u0107 i sukces\u00f3w, jednocze\u015bnie \u017cycz\u0105c \u00d3smoklasistom powodzenia na nowej drodze \u017cycia.<\/span><\/p>\n<p><span style=\"color: #000000;\">&nbsp;&nbsp;&nbsp;&nbsp;&nbsp;&nbsp;&nbsp;&nbsp;&nbsp;&nbsp;&nbsp; Podczas uroczysto\u015bci zabra\u0142y g\u0142os tak\u017ce Przedstawicielki kl. 8a, dzi\u0119kuj\u0105c Dyrekcji Szko\u0142y oraz Nauczycielom za minione lata, za nieustaj\u0105c\u0105 cierpliwo\u015b\u0107, nies\u0142ychan\u0105 wyrozumia\u0142o\u015b\u0107 oraz zaanga\u017cowanie w prac\u0119 i ich edukacj\u0119. Nie zabrak\u0142o r\u00f3wnie\u017c s\u0142\u00f3w wdzi\u0119czno\u015bci skierowanych do Rodzic\u00f3w \u2013 za ich trud, ofiarno\u015b\u0107, cierpliwo\u015b\u0107 oraz wielkie serce.<\/span><\/p>\n<p><span style=\"color: #000000;\">&nbsp;&nbsp;&nbsp;&nbsp;&nbsp;&nbsp;&nbsp;&nbsp;&nbsp;&nbsp;&nbsp; ,,Pami\u0119tajcie o nas, bo my o Was nie zapomnimy!\u201d &#8211; us\u0142yszeli na koniec \u00d3smoklasi\u015bci, kt\u00f3rzy zawsze b\u0119d\u0105 mile widziani w murach naszej Szko\u0142y, je\u015bli tylko przyjd\u0105 nas odwiedzi\u0107.<\/span><\/p>\n<p style=\"text-align: right;\"><em>mgr Izabella Jureczko<\/em><\/p>\nngg_shortcode_0_placeholder\n","protected":false},"excerpt":{"rendered":"<p>&nbsp;&nbsp;&nbsp;&nbsp;&nbsp;&nbsp;&nbsp;&nbsp;&nbsp;&nbsp;&nbsp; Kolejny rok szkolny za nami! Pi\u0105tek, 21 czerwca, by\u0142 dniem, na kt\u00f3ry od dawna czekali wszyscy Uczniowie. Po dziesi\u0119ciu miesi\u0105cach nauki i pracy wreszcie [&hellip;]<\/p>\n","protected":false},"author":3,"featured_media":14245,"comment_status":"closed","ping_status":"closed","sticky":false,"template":"","format":"standard","meta":{"ngg_post_thumbnail":0,"footnotes":""},"categories":[4],"tags":[],"class_list":["post-14244","post","type-post","status-publish","format-standard","has-post-thumbnail","hentry","category-aktualnosci"],"_links":{"self":[{"href":"https:\/\/www.sp11.gliwice.pl\/index.php?rest_route=\/wp\/v2\/posts\/14244","targetHints":{"allow":["GET"]}}],"collection":[{"href":"https:\/\/www.sp11.gliwice.pl\/index.php?rest_route=\/wp\/v2\/posts"}],"about":[{"href":"https:\/\/www.sp11.gliwice.pl\/index.php?rest_route=\/wp\/v2\/types\/post"}],"author":[{"embeddable":true,"href":"https:\/\/www.sp11.gliwice.pl\/index.php?rest_route=\/wp\/v2\/users\/3"}],"replies":[{"embeddable":true,"href":"https:\/\/www.sp11.gliwice.pl\/index.php?rest_route=%2Fwp%2Fv2%2Fcomments&post=14244"}],"version-history":[{"count":1,"href":"https:\/\/www.sp11.gliwice.pl\/index.php?rest_route=\/wp\/v2\/posts\/14244\/revisions"}],"predecessor-version":[{"id":14246,"href":"https:\/\/www.sp11.gliwice.pl\/index.php?rest_route=\/wp\/v2\/posts\/14244\/revisions\/14246"}],"wp:featuredmedia":[{"embeddable":true,"href":"https:\/\/www.sp11.gliwice.pl\/index.php?rest_route=\/wp\/v2\/media\/14245"}],"wp:attachment":[{"href":"https:\/\/www.sp11.gliwice.pl\/index.php?rest_route=%2Fwp%2Fv2%2Fmedia&parent=14244"}],"wp:term":[{"taxonomy":"category","embeddable":true,"href":"https:\/\/www.sp11.gliwice.pl\/index.php?rest_route=%2Fwp%2Fv2%2Fcategories&post=14244"},{"taxonomy":"post_tag","embeddable":true,"href":"https:\/\/www.sp11.gliwice.pl\/index.php?rest_route=%2Fwp%2Fv2%2Ftags&post=14244"}],"curies":[{"name":"wp","href":"https:\/\/api.w.org\/{rel}","templated":true}]}}