{"id":14226,"date":"2024-06-20T22:16:14","date_gmt":"2024-06-20T20:16:14","guid":{"rendered":"https:\/\/www.sp11.gliwice.pl\/?p=14226"},"modified":"2024-06-20T22:16:14","modified_gmt":"2024-06-20T20:16:14","slug":"staro-izba-izba-tradycji-im-jolanty-lisowskiej","status":"publish","type":"post","link":"https:\/\/www.sp11.gliwice.pl\/?p=14226","title":{"rendered":"STARO IZBA &#8211; Izba Tradycji im.Jolanty Lisowskiej :)"},"content":{"rendered":"<p><span style=\"color: #000000;\">15 czerwca 2024 roku w podziemiach naszej szko\u0142y zosta\u0142a oficjalnie i uroczy\u015bcie otwarta STARO IZBA &#8211; Izba Tradycji mieszcz\u0105ca w swoich \u015bcianach przedmioty z daaaawnych czas\u00f3w \ud83d\ude42 <\/span><\/p>\n<p><span style=\"color: #000000;\">Pomys\u0142odawczyni\u0105 i g\u0142\u00f3wn\u0105 realizatork\u0105 by\u0142a Pani mgr Jolanta Lisowska, kt\u00f3ra przez lata gromadzi\u0142a &#8222;starocie&#8221;, dba\u0142a o nie, piel\u0119gnowa\u0142a, docieka\u0142a ich historii, by w ko\u0144cu dopi\u0105\u0107 wszystko w &#8230;STARO IZBE \ud83d\ude42 dlatego nie mog\u0142o by\u0107 innego patrona tej siedziby jak Pani Jola \ud83d\ude42 <\/span><\/p>\n<p><span style=\"color: #000000;\">Podczas w\u0119dr\u00f3wki w poszukiwaniu kolejnych zdobyczy spotka\u0142a ciekawych ludzi &#8211; tw\u00f3rc\u00f3w kana\u0142u na youtubie &#8211; &#8222;BIEGAM PO WSI&#8221; kt\u00f3rych zainteresowa\u0142a historia naszej Izby i &#8230; postanowili nakr\u0119ci\u0107 o niej kr\u00f3tki reporta\u017c&#8230;<\/span><\/p>\n<p><span style=\"color: #000000;\">Premiera filmu 21 czerwca 2024 <a href=\"https:\/\/youtu.be\/HiLI_yZBV5o\" target=\"_blank\" rel=\"noopener\">pod linkiem<\/a><\/span><\/p>\nngg_shortcode_0_placeholder\n","protected":false},"excerpt":{"rendered":"<p>15 czerwca 2024 roku w podziemiach naszej szko\u0142y zosta\u0142a oficjalnie i uroczy\u015bcie otwarta STARO IZBA &#8211; Izba Tradycji mieszcz\u0105ca w swoich \u015bcianach przedmioty z daaaawnych [&hellip;]<\/p>\n","protected":false},"author":3,"featured_media":14227,"comment_status":"closed","ping_status":"closed","sticky":false,"template":"","format":"standard","meta":{"ngg_post_thumbnail":0,"footnotes":""},"categories":[4],"tags":[],"class_list":["post-14226","post","type-post","status-publish","format-standard","has-post-thumbnail","hentry","category-aktualnosci"],"_links":{"self":[{"href":"https:\/\/www.sp11.gliwice.pl\/index.php?rest_route=\/wp\/v2\/posts\/14226","targetHints":{"allow":["GET"]}}],"collection":[{"href":"https:\/\/www.sp11.gliwice.pl\/index.php?rest_route=\/wp\/v2\/posts"}],"about":[{"href":"https:\/\/www.sp11.gliwice.pl\/index.php?rest_route=\/wp\/v2\/types\/post"}],"author":[{"embeddable":true,"href":"https:\/\/www.sp11.gliwice.pl\/index.php?rest_route=\/wp\/v2\/users\/3"}],"replies":[{"embeddable":true,"href":"https:\/\/www.sp11.gliwice.pl\/index.php?rest_route=%2Fwp%2Fv2%2Fcomments&post=14226"}],"version-history":[{"count":1,"href":"https:\/\/www.sp11.gliwice.pl\/index.php?rest_route=\/wp\/v2\/posts\/14226\/revisions"}],"predecessor-version":[{"id":14228,"href":"https:\/\/www.sp11.gliwice.pl\/index.php?rest_route=\/wp\/v2\/posts\/14226\/revisions\/14228"}],"wp:featuredmedia":[{"embeddable":true,"href":"https:\/\/www.sp11.gliwice.pl\/index.php?rest_route=\/wp\/v2\/media\/14227"}],"wp:attachment":[{"href":"https:\/\/www.sp11.gliwice.pl\/index.php?rest_route=%2Fwp%2Fv2%2Fmedia&parent=14226"}],"wp:term":[{"taxonomy":"category","embeddable":true,"href":"https:\/\/www.sp11.gliwice.pl\/index.php?rest_route=%2Fwp%2Fv2%2Fcategories&post=14226"},{"taxonomy":"post_tag","embeddable":true,"href":"https:\/\/www.sp11.gliwice.pl\/index.php?rest_route=%2Fwp%2Fv2%2Ftags&post=14226"}],"curies":[{"name":"wp","href":"https:\/\/api.w.org\/{rel}","templated":true}]}}