{"id":14180,"date":"2024-06-18T21:06:45","date_gmt":"2024-06-18T19:06:45","guid":{"rendered":"https:\/\/www.sp11.gliwice.pl\/?p=14180"},"modified":"2024-06-18T21:06:45","modified_gmt":"2024-06-18T19:06:45","slug":"akademia-przyszlosci-2","status":"publish","type":"post","link":"https:\/\/www.sp11.gliwice.pl\/?p=14180","title":{"rendered":"Akademia Przysz\u0142o\u015bci"},"content":{"rendered":"<p><span style=\"color: #000000;\">W roku szkolnym 2023\/2024 nasza szko\u0142a przyst\u0105pi\u0142a do Og\u00f3lnopolskiego Programu Spo\u0142ecznego Akademia Przysz\u0142o\u015bci, kt\u00f3ry pomaga Dzieciom z nisk\u0105 samoocen\u0105, wyposa\u017ca Dziecko w zasoby i do\u015bwiadczenia, dzi\u0119ki kt\u00f3rym mo\u017ce pokona\u0107 dotychczasowe przeszkody i poradzi\u0107 sobie w doros\u0142ym \u017cyciu, a przede wszystkim buduje w Dziecku poczucie w\u0142asnej warto\u015bci.<\/span><\/p>\n<p><span style=\"color: #000000;\">W bie\u017c\u0105cym roku szkolnym w programie wzi\u0119\u0142o udzia\u0142 10 uczni\u00f3w naszej szko\u0142y, kt\u00f3rzy spotykali si\u0119 z Wolontariuszami Akademii, uczestnicz\u0105c w cotygodniowych, interesuj\u0105cych i bardzo warto\u015bciowych zaj\u0119ciach. Na koniec roku nast\u0105pi\u0142o podsumowanie uczestnictwa w programie, a uczniowie otrzymali dyplomy i upominki.<\/span><\/p>\n<p><span style=\"color: #000000;\">Bardzo dzi\u0119kujemy Wszystkim Wolontariuszom za zaanga\u017cowanie w prac\u0119 z naszymi uczniami.<\/span><\/p>\n<p><span style=\"color: #000000;\">Mamy nadziej\u0119 na kontynuacj\u0119 wsp\u00f3\u0142pracy w ramach realizacji Og\u00f3lnopolskiego Programu Spo\u0142ecznego, jakim jest Akademia Przysz\u0142o\u015bci w kolejnym roku szkolnym.<\/span><\/p>\n<p style=\"text-align: right;\">Szkolny Koordynator Programu Akademia Przysz\u0142o\u015bci<\/p>\n<p style=\"text-align: right;\"><em>mgr Alicja Cielesta<\/em><\/p>\nngg_shortcode_0_placeholder\n","protected":false},"excerpt":{"rendered":"<p>W roku szkolnym 2023\/2024 nasza szko\u0142a przyst\u0105pi\u0142a do Og\u00f3lnopolskiego Programu Spo\u0142ecznego Akademia Przysz\u0142o\u015bci, kt\u00f3ry pomaga Dzieciom z nisk\u0105 samoocen\u0105, wyposa\u017ca Dziecko w zasoby i do\u015bwiadczenia, [&hellip;]<\/p>\n","protected":false},"author":3,"featured_media":14181,"comment_status":"closed","ping_status":"closed","sticky":false,"template":"","format":"standard","meta":{"ngg_post_thumbnail":0,"footnotes":""},"categories":[4],"tags":[],"class_list":["post-14180","post","type-post","status-publish","format-standard","has-post-thumbnail","hentry","category-aktualnosci"],"_links":{"self":[{"href":"https:\/\/www.sp11.gliwice.pl\/index.php?rest_route=\/wp\/v2\/posts\/14180","targetHints":{"allow":["GET"]}}],"collection":[{"href":"https:\/\/www.sp11.gliwice.pl\/index.php?rest_route=\/wp\/v2\/posts"}],"about":[{"href":"https:\/\/www.sp11.gliwice.pl\/index.php?rest_route=\/wp\/v2\/types\/post"}],"author":[{"embeddable":true,"href":"https:\/\/www.sp11.gliwice.pl\/index.php?rest_route=\/wp\/v2\/users\/3"}],"replies":[{"embeddable":true,"href":"https:\/\/www.sp11.gliwice.pl\/index.php?rest_route=%2Fwp%2Fv2%2Fcomments&post=14180"}],"version-history":[{"count":1,"href":"https:\/\/www.sp11.gliwice.pl\/index.php?rest_route=\/wp\/v2\/posts\/14180\/revisions"}],"predecessor-version":[{"id":14182,"href":"https:\/\/www.sp11.gliwice.pl\/index.php?rest_route=\/wp\/v2\/posts\/14180\/revisions\/14182"}],"wp:featuredmedia":[{"embeddable":true,"href":"https:\/\/www.sp11.gliwice.pl\/index.php?rest_route=\/wp\/v2\/media\/14181"}],"wp:attachment":[{"href":"https:\/\/www.sp11.gliwice.pl\/index.php?rest_route=%2Fwp%2Fv2%2Fmedia&parent=14180"}],"wp:term":[{"taxonomy":"category","embeddable":true,"href":"https:\/\/www.sp11.gliwice.pl\/index.php?rest_route=%2Fwp%2Fv2%2Fcategories&post=14180"},{"taxonomy":"post_tag","embeddable":true,"href":"https:\/\/www.sp11.gliwice.pl\/index.php?rest_route=%2Fwp%2Fv2%2Ftags&post=14180"}],"curies":[{"name":"wp","href":"https:\/\/api.w.org\/{rel}","templated":true}]}}