{"id":14159,"date":"2024-06-15T23:03:42","date_gmt":"2024-06-15T21:03:42","guid":{"rendered":"https:\/\/www.sp11.gliwice.pl\/?p=14159"},"modified":"2024-06-15T23:03:42","modified_gmt":"2024-06-15T21:03:42","slug":"festyn-2024","status":"publish","type":"post","link":"https:\/\/www.sp11.gliwice.pl\/?p=14159","title":{"rendered":"Festyn 2024"},"content":{"rendered":"<p><span style=\"color: #000000;\">W sobot\u0119 15 czerwca na terenie naszej szko\u0142y odby\u0142 si\u0119 Festyn Rodzinny organizowany wsp\u00f3lnie z Rad\u0105 Rodzic\u00f3w i Rad\u0105 Osiedla Ligota Zabrska.&nbsp;<\/span><\/p>\n<p><span style=\"color: #000000;\">W programie znalaz\u0142y si\u0119 wyst\u0119py artystyczne uczni\u00f3w, piosenki w wykonaniu reaktywowanego zespo\u0142u Kamerton, ta\u0144ce \u015bwie\u017cej szkolnej formacji tanecznej Aplauz i teatrzyk szkolny.<\/span><br \/>\n<span style=\"color: #000000;\">Wr\u0119czono tak\u017ce nagrody i dyplomy laureatom Mi\u0119dzyszkolnego Konkursu Plastyczno &#8211; J\u0119zykowego pod patronatem Prezydenta Miasta Gliwice Adama Neumanna &#8222;Dajmy si\u0119 zagaw\u0119dzi\u0107&#8221;. <\/span><br \/>\n<span style=\"color: #000000;\">Na scenie zaprezentowali si\u0119 r\u00f3wnie\u017c uczestnicy Szkolnego Mam Talent \ud83d\ude42 <\/span><br \/>\n<span style=\"color: #000000;\">Do tego dla ka\u017cdego co\u015b dobrego \ud83d\ude42 By\u0142y stoiska ze s\u0142odko\u015bciami, bigosem, popcornem, ognisko z kie\u0142baskami, loteria fantowa, fotobudka, gra terenowa, a szko\u0142a otworzy\u0142a swoje drzwi dla wszystkich ch\u0119tnych odwiedzi\u0107 mury Jedenastki \ud83d\ude42 <\/span><br \/>\n<span style=\"color: #000000;\">Nie zabrak\u0142o tak\u017ce radiowozu z naszym Panem dzielnicowych Adamem Dudk\u0105 i weso\u0142ym Sznupkiem \ud83d\ude42 <\/span><\/p>\n<p><span style=\"color: #000000;\">Najwi\u0119ksz\u0105 chyba jednak atrakcj\u0105 by\u0142o inauguracyjne otwarcie izby tradycji &#8222;Staro Izba&#8221;.&nbsp; Oficjalnego przeci\u0119cia wst\u0119gi do bram Starej Izby dokonali : pomys\u0142odawczyni i tw\u00f3rczyni&nbsp; Pani Jolanta Lisowska, Dyrektor Szko\u0142y Pan Wojciech Kijewski, Przewodnicz\u0105cy Rady Miasta Pan Marek Pszonak, Prezes Zarz\u0105du ZBM I TBS w Gliwicach Pan Andrzej Tomal, Przewodnicz\u0105ca Rady Rodzic\u00f3w Pani Joanna Wojdyna, Przewodnicz\u0105cy Rady Dzielnicy Ligota Zabrska Pan Marcin Grabiec \ud83d\ude42 <\/span><br \/>\n<span style=\"color: #000000;\">Od tej pory Saro Izba mogli zwiedza\u0107 i podziwia\u0107 wszyscy ch\u0119tni uczniowie, rodzice, mieszka\u0144cy &#8230; a naprawd\u0119 jest na co popatrze\u0107 i powspomina\u0107 \ud83d\ude42 <\/span><\/p>\n<p><span style=\"color: #000000;\">Pogoda dopisa\u0142a, frekwencja i nastroje r\u00f3wnie\u017c \ud83d\ude42 To by\u0142 bardzo fajny dzie\u0144! Dzi\u0119kujemy wszystkim organizatorom, artystom, sponsorom, wolontariuszom i uczestnikom dzisiejszego Festynu. \ud83d\ude42<\/span><\/p>\nngg_shortcode_0_placeholder\n","protected":false},"excerpt":{"rendered":"<p>W sobot\u0119 15 czerwca na terenie naszej szko\u0142y odby\u0142 si\u0119 Festyn Rodzinny organizowany wsp\u00f3lnie z Rad\u0105 Rodzic\u00f3w i Rad\u0105 Osiedla Ligota Zabrska.&nbsp; W programie znalaz\u0142y [&hellip;]<\/p>\n","protected":false},"author":3,"featured_media":14160,"comment_status":"closed","ping_status":"closed","sticky":false,"template":"","format":"standard","meta":{"ngg_post_thumbnail":0,"footnotes":""},"categories":[4],"tags":[],"class_list":["post-14159","post","type-post","status-publish","format-standard","has-post-thumbnail","hentry","category-aktualnosci"],"_links":{"self":[{"href":"https:\/\/www.sp11.gliwice.pl\/index.php?rest_route=\/wp\/v2\/posts\/14159","targetHints":{"allow":["GET"]}}],"collection":[{"href":"https:\/\/www.sp11.gliwice.pl\/index.php?rest_route=\/wp\/v2\/posts"}],"about":[{"href":"https:\/\/www.sp11.gliwice.pl\/index.php?rest_route=\/wp\/v2\/types\/post"}],"author":[{"embeddable":true,"href":"https:\/\/www.sp11.gliwice.pl\/index.php?rest_route=\/wp\/v2\/users\/3"}],"replies":[{"embeddable":true,"href":"https:\/\/www.sp11.gliwice.pl\/index.php?rest_route=%2Fwp%2Fv2%2Fcomments&post=14159"}],"version-history":[{"count":1,"href":"https:\/\/www.sp11.gliwice.pl\/index.php?rest_route=\/wp\/v2\/posts\/14159\/revisions"}],"predecessor-version":[{"id":14161,"href":"https:\/\/www.sp11.gliwice.pl\/index.php?rest_route=\/wp\/v2\/posts\/14159\/revisions\/14161"}],"wp:featuredmedia":[{"embeddable":true,"href":"https:\/\/www.sp11.gliwice.pl\/index.php?rest_route=\/wp\/v2\/media\/14160"}],"wp:attachment":[{"href":"https:\/\/www.sp11.gliwice.pl\/index.php?rest_route=%2Fwp%2Fv2%2Fmedia&parent=14159"}],"wp:term":[{"taxonomy":"category","embeddable":true,"href":"https:\/\/www.sp11.gliwice.pl\/index.php?rest_route=%2Fwp%2Fv2%2Fcategories&post=14159"},{"taxonomy":"post_tag","embeddable":true,"href":"https:\/\/www.sp11.gliwice.pl\/index.php?rest_route=%2Fwp%2Fv2%2Ftags&post=14159"}],"curies":[{"name":"wp","href":"https:\/\/api.w.org\/{rel}","templated":true}]}}