{"id":14081,"date":"2024-06-13T14:08:17","date_gmt":"2024-06-13T12:08:17","guid":{"rendered":"https:\/\/www.sp11.gliwice.pl\/?p=14081"},"modified":"2024-06-13T14:08:25","modified_gmt":"2024-06-13T12:08:25","slug":"klasa-5-w-wisle-malince","status":"publish","type":"post","link":"https:\/\/www.sp11.gliwice.pl\/?p=14081","title":{"rendered":"Klasa 5 w Wi\u015ble Malince :)"},"content":{"rendered":"<p><span style=\"color: #000000;\">&nbsp;W dniach 4 &#8211; 6 czerwca 2024 klasa 5 wraz z wychowawc\u0105 uda\u0142a si\u0119 na wycieczk\u0119 turystyczno &#8211; krajoznawcz\u0105 do Wis\u0142y Malinki. <\/span><\/p>\n<p><span style=\"color: #000000;\"><strong>Celem wycieczki by\u0142o<\/strong>:<\/span><br \/>\n<span style=\"color: #000000;\">&#8211; poznanie regionu Beskidu \u015al\u0105skiego;<\/span><br \/>\n<span style=\"color: #000000;\">&#8211; nauka zasad turystyki g\u00f3rskiej;<\/span><br \/>\n<span style=\"color: #000000;\">&#8211; kszta\u0142towanie umiej\u0119tno\u015bci pracy z grup\u0105;<\/span><br \/>\n<span style=\"color: #000000;\">&#8211; nauka samodzielno\u015bci w czynno\u015bciach codziennych;<\/span><br \/>\n<span style=\"color: #000000;\">&#8211; poprawa kondycji fizycznej.<\/span><\/p>\n<p><span style=\"color: #000000;\">Dzi\u0119kujemy za opiek\u0119 Pani Agnieszcze Nowak, Panu Piotrowi Fieback. \ud83d\ude42<br \/>\n<\/span><\/p>\n<p style=\"text-align: right;\"><em>mgr Dariusz Kobylarz<\/em><\/p>\nngg_shortcode_0_placeholder\n","protected":false},"excerpt":{"rendered":"<p>&nbsp;W dniach 4 &#8211; 6 czerwca 2024 klasa 5 wraz z wychowawc\u0105 uda\u0142a si\u0119 na wycieczk\u0119 turystyczno &#8211; krajoznawcz\u0105 do Wis\u0142y Malinki. Celem wycieczki by\u0142o: [&hellip;]<\/p>\n","protected":false},"author":3,"featured_media":14096,"comment_status":"closed","ping_status":"closed","sticky":false,"template":"","format":"standard","meta":{"ngg_post_thumbnail":0,"footnotes":""},"categories":[4],"tags":[],"class_list":["post-14081","post","type-post","status-publish","format-standard","has-post-thumbnail","hentry","category-aktualnosci"],"_links":{"self":[{"href":"https:\/\/www.sp11.gliwice.pl\/index.php?rest_route=\/wp\/v2\/posts\/14081","targetHints":{"allow":["GET"]}}],"collection":[{"href":"https:\/\/www.sp11.gliwice.pl\/index.php?rest_route=\/wp\/v2\/posts"}],"about":[{"href":"https:\/\/www.sp11.gliwice.pl\/index.php?rest_route=\/wp\/v2\/types\/post"}],"author":[{"embeddable":true,"href":"https:\/\/www.sp11.gliwice.pl\/index.php?rest_route=\/wp\/v2\/users\/3"}],"replies":[{"embeddable":true,"href":"https:\/\/www.sp11.gliwice.pl\/index.php?rest_route=%2Fwp%2Fv2%2Fcomments&post=14081"}],"version-history":[{"count":2,"href":"https:\/\/www.sp11.gliwice.pl\/index.php?rest_route=\/wp\/v2\/posts\/14081\/revisions"}],"predecessor-version":[{"id":14098,"href":"https:\/\/www.sp11.gliwice.pl\/index.php?rest_route=\/wp\/v2\/posts\/14081\/revisions\/14098"}],"wp:featuredmedia":[{"embeddable":true,"href":"https:\/\/www.sp11.gliwice.pl\/index.php?rest_route=\/wp\/v2\/media\/14096"}],"wp:attachment":[{"href":"https:\/\/www.sp11.gliwice.pl\/index.php?rest_route=%2Fwp%2Fv2%2Fmedia&parent=14081"}],"wp:term":[{"taxonomy":"category","embeddable":true,"href":"https:\/\/www.sp11.gliwice.pl\/index.php?rest_route=%2Fwp%2Fv2%2Fcategories&post=14081"},{"taxonomy":"post_tag","embeddable":true,"href":"https:\/\/www.sp11.gliwice.pl\/index.php?rest_route=%2Fwp%2Fv2%2Ftags&post=14081"}],"curies":[{"name":"wp","href":"https:\/\/api.w.org\/{rel}","templated":true}]}}