{"id":13997,"date":"2024-06-09T20:33:19","date_gmt":"2024-06-09T18:33:19","guid":{"rendered":"https:\/\/www.sp11.gliwice.pl\/?p=13997"},"modified":"2024-06-09T20:34:33","modified_gmt":"2024-06-09T18:34:33","slug":"dzien-dziecka-w-przedszkolu-2","status":"publish","type":"post","link":"https:\/\/www.sp11.gliwice.pl\/?p=13997","title":{"rendered":"Dzie\u0144 Dziecka w przedszkolu :)"},"content":{"rendered":"<p><span style=\"color: #000000;\">Dzisiaj jest Dzie\u0144 Dziecka \u2013 wielkie \u015bwi\u0119to<\/span><br \/>\n<span style=\"color: #000000;\">m\u00f3j maluchu u\u015bmiechni\u0119ty.<\/span><br \/>\n<span style=\"color: #000000;\">Zawsze wes\u00f3\u0142, pe\u0142en werwy,<\/span><br \/>\n<span style=\"color: #000000;\">radosn\u0105 mink\u0119 masz bez przerwy<\/span><br \/>\n<span style=\"color: #000000;\">Nasz maluszku ukochany<\/span><br \/>\n<span style=\"color: #000000;\">b\u0105d\u017a nam zawsze tak wspania\u0142y!<\/span><\/p>\n<p><span style=\"color: #000000;\">Mi\u0119dzynarodowy Dzie\u0144 Dziecka &#8211; ustanowiony w celu upowszechniania idea\u0142\u00f3w i cel\u00f3w dotycz\u0105cych praw dziecka, obchodzony od 1955 co roku w Polsce dnia 1 czerwca. To d\u0142ugie wyczekiwane \u015bwi\u0119to ka\u017cdemu dziecku kojarzy si\u0119 z rado\u015bci\u0105, niespodziankami i eufori\u0105. <\/span><\/p>\n<p><span style=\"color: #000000;\">1 czerwca &#8211; jedna z najfajniejszych dat w kalendarzu. I mali i ci nieco starsi obchodzili swoje \u015bwi\u0119to. Tak te\u017c by\u0142o w naszym przedszkolu. Dzie\u0144 up\u0142yn\u0105\u0142 na zabawach, przy s\u0142odkim pocz\u0119stunku. Nasze przedszkolaki z grupy Motylk\u00f3w oraz Kubusi\u00f3w sp\u0119dzi\u0142y ten wyj\u0105tkowy czas tak jak ka\u017cdy maluch lubi najbardziej &#8211; na zabawie ! Dnia 4 czerwca wybrali\u015bmy si\u0119 do bawialni Czary-Mary&#8221;. Wszystkie dzieci \u015bwietnie si\u0119 bawi\u0142y, ka\u017cdy na budzi mia\u0142 u\u015bmiech od ucha do ucha!<\/span><\/p>\n<p style=\"text-align: right;\"><em>mgr Cecylia Pierzcha\u0142a, mgr Katarzyna P\u0142ona<\/em><\/p>\nngg_shortcode_0_placeholder\n","protected":false},"excerpt":{"rendered":"<p>Dzisiaj jest Dzie\u0144 Dziecka \u2013 wielkie \u015bwi\u0119to m\u00f3j maluchu u\u015bmiechni\u0119ty. Zawsze wes\u00f3\u0142, pe\u0142en werwy, radosn\u0105 mink\u0119 masz bez przerwy Nasz maluszku ukochany b\u0105d\u017a nam zawsze [&hellip;]<\/p>\n","protected":false},"author":3,"featured_media":13998,"comment_status":"closed","ping_status":"closed","sticky":false,"template":"","format":"standard","meta":{"ngg_post_thumbnail":0,"footnotes":""},"categories":[4],"tags":[],"class_list":["post-13997","post","type-post","status-publish","format-standard","has-post-thumbnail","hentry","category-aktualnosci"],"_links":{"self":[{"href":"https:\/\/www.sp11.gliwice.pl\/index.php?rest_route=\/wp\/v2\/posts\/13997","targetHints":{"allow":["GET"]}}],"collection":[{"href":"https:\/\/www.sp11.gliwice.pl\/index.php?rest_route=\/wp\/v2\/posts"}],"about":[{"href":"https:\/\/www.sp11.gliwice.pl\/index.php?rest_route=\/wp\/v2\/types\/post"}],"author":[{"embeddable":true,"href":"https:\/\/www.sp11.gliwice.pl\/index.php?rest_route=\/wp\/v2\/users\/3"}],"replies":[{"embeddable":true,"href":"https:\/\/www.sp11.gliwice.pl\/index.php?rest_route=%2Fwp%2Fv2%2Fcomments&post=13997"}],"version-history":[{"count":3,"href":"https:\/\/www.sp11.gliwice.pl\/index.php?rest_route=\/wp\/v2\/posts\/13997\/revisions"}],"predecessor-version":[{"id":14001,"href":"https:\/\/www.sp11.gliwice.pl\/index.php?rest_route=\/wp\/v2\/posts\/13997\/revisions\/14001"}],"wp:featuredmedia":[{"embeddable":true,"href":"https:\/\/www.sp11.gliwice.pl\/index.php?rest_route=\/wp\/v2\/media\/13998"}],"wp:attachment":[{"href":"https:\/\/www.sp11.gliwice.pl\/index.php?rest_route=%2Fwp%2Fv2%2Fmedia&parent=13997"}],"wp:term":[{"taxonomy":"category","embeddable":true,"href":"https:\/\/www.sp11.gliwice.pl\/index.php?rest_route=%2Fwp%2Fv2%2Fcategories&post=13997"},{"taxonomy":"post_tag","embeddable":true,"href":"https:\/\/www.sp11.gliwice.pl\/index.php?rest_route=%2Fwp%2Fv2%2Ftags&post=13997"}],"curies":[{"name":"wp","href":"https:\/\/api.w.org\/{rel}","templated":true}]}}