{"id":13985,"date":"2024-06-05T19:23:41","date_gmt":"2024-06-05T17:23:41","guid":{"rendered":"https:\/\/www.sp11.gliwice.pl\/?p=13985"},"modified":"2024-06-05T19:23:41","modified_gmt":"2024-06-05T17:23:41","slug":"nasza-reprezentacja-na-xxix-mistrzostwach-polski-w-unihokeju","status":"publish","type":"post","link":"https:\/\/www.sp11.gliwice.pl\/?p=13985","title":{"rendered":"Nasza reprezentacja na XXIX Mistrzostwach Polski w unihokeju!"},"content":{"rendered":"<p><span style=\"color: #000000;\">W dniach 31 maja &#8211; 2 czerwca nasza reprezentacja Dziewcz\u0105t &#8211; Mistrzynie \u015al\u0105ska w unihokeju&nbsp; wzi\u0119\u0142a udzia\u0142 w XXIX Mistrzostwach Polski ! <\/span><\/p>\n<p><span style=\"color: #000000;\">Wr\u00f3cili\u015bmy z 10 miejscem, ale &#8230; wra\u017cenia niezapomniane &#8211; sam turniej, jego oprawa, gala zostan\u0105 na d\u0142ugo w naszej pami\u0119ci. <\/span><\/p>\n<p><span style=\"color: #000000;\">Do tego wspania\u0142e wycieczki w drodze do Elbl\u0105ga &#8211; Toru\u0144, Malbork !!! \ud83d\ude42&nbsp; Dzi\u0119kujemy !!!! \ud83d\ude42&nbsp;&nbsp; i Gratulujemy ! \ud83d\ude42<\/span><\/p>\nngg_shortcode_0_placeholder\n","protected":false},"excerpt":{"rendered":"<p>W dniach 31 maja &#8211; 2 czerwca nasza reprezentacja Dziewcz\u0105t &#8211; Mistrzynie \u015al\u0105ska w unihokeju&nbsp; wzi\u0119\u0142a udzia\u0142 w XXIX Mistrzostwach Polski ! Wr\u00f3cili\u015bmy z 10 [&hellip;]<\/p>\n","protected":false},"author":3,"featured_media":13986,"comment_status":"closed","ping_status":"closed","sticky":false,"template":"","format":"standard","meta":{"ngg_post_thumbnail":0,"footnotes":""},"categories":[4],"tags":[],"class_list":["post-13985","post","type-post","status-publish","format-standard","has-post-thumbnail","hentry","category-aktualnosci"],"_links":{"self":[{"href":"https:\/\/www.sp11.gliwice.pl\/index.php?rest_route=\/wp\/v2\/posts\/13985","targetHints":{"allow":["GET"]}}],"collection":[{"href":"https:\/\/www.sp11.gliwice.pl\/index.php?rest_route=\/wp\/v2\/posts"}],"about":[{"href":"https:\/\/www.sp11.gliwice.pl\/index.php?rest_route=\/wp\/v2\/types\/post"}],"author":[{"embeddable":true,"href":"https:\/\/www.sp11.gliwice.pl\/index.php?rest_route=\/wp\/v2\/users\/3"}],"replies":[{"embeddable":true,"href":"https:\/\/www.sp11.gliwice.pl\/index.php?rest_route=%2Fwp%2Fv2%2Fcomments&post=13985"}],"version-history":[{"count":1,"href":"https:\/\/www.sp11.gliwice.pl\/index.php?rest_route=\/wp\/v2\/posts\/13985\/revisions"}],"predecessor-version":[{"id":13987,"href":"https:\/\/www.sp11.gliwice.pl\/index.php?rest_route=\/wp\/v2\/posts\/13985\/revisions\/13987"}],"wp:featuredmedia":[{"embeddable":true,"href":"https:\/\/www.sp11.gliwice.pl\/index.php?rest_route=\/wp\/v2\/media\/13986"}],"wp:attachment":[{"href":"https:\/\/www.sp11.gliwice.pl\/index.php?rest_route=%2Fwp%2Fv2%2Fmedia&parent=13985"}],"wp:term":[{"taxonomy":"category","embeddable":true,"href":"https:\/\/www.sp11.gliwice.pl\/index.php?rest_route=%2Fwp%2Fv2%2Fcategories&post=13985"},{"taxonomy":"post_tag","embeddable":true,"href":"https:\/\/www.sp11.gliwice.pl\/index.php?rest_route=%2Fwp%2Fv2%2Ftags&post=13985"}],"curies":[{"name":"wp","href":"https:\/\/api.w.org\/{rel}","templated":true}]}}