{"id":13819,"date":"2024-05-17T19:48:35","date_gmt":"2024-05-17T17:48:35","guid":{"rendered":"https:\/\/www.sp11.gliwice.pl\/?p=13819"},"modified":"2024-05-17T19:48:35","modified_gmt":"2024-05-17T17:48:35","slug":"wyniki-konkursu","status":"publish","type":"post","link":"https:\/\/www.sp11.gliwice.pl\/?p=13819","title":{"rendered":"WYNIKI KONKURSU &#8230;"},"content":{"rendered":"<p><span style=\"color: #000000;\">Serdecznie dzi\u0119kujemy za udzia\u0142 w <strong>Miejskim Konkursie Plastyczno-Literackim <\/strong><strong><em>\u201eDajmy si\u0119 zagaw\u0119dzi\u0107\u201d <\/em><\/strong><strong><em>z okazji 50. rocznicy \u015bmierci <\/em><\/strong><\/span><\/p>\n<p><span style=\"color: #000000;\"><strong><em>Melchiora Wa\u0144kowicza.<\/em><\/strong><\/span><\/p>\n<p><span style=\"color: #000000;\">Gratulujemy Autorom talent\u00f3w i dzi\u0119kujemy Opiekunom za zaanga\u017cowanie i umo\u017cliwienie podopiecznym zaprezentowania zdolno\u015bci literackich oraz plastycznych.<\/span><\/p>\n<p><span style=\"color: #000000;\"><strong>Laureaci Konkursu Plastyczno-Literackiego <em>\u201eDajmy si\u0119 zagaw\u0119dzi\u0107\u201d<\/em><\/strong><\/span><\/p>\n<p><span style=\"color: #000000;\"><strong>I miejsce<\/strong> \u2013 Anna Felikszowska<\/span><\/p>\n<p><span style=\"color: #000000;\"><strong>II miejsce<\/strong> \u2013 Julia Miarecka<\/span><\/p>\n<p><span style=\"color: #000000;\"><strong>III miejsce<\/strong> \u2013 Hanna Szewczyk<\/span><\/p>\n<p><span style=\"color: #000000;\">&nbsp;&nbsp;&nbsp;&nbsp;&nbsp;&nbsp;&nbsp;&nbsp;&nbsp;&nbsp;&nbsp; &nbsp;&nbsp;&nbsp;&nbsp;&nbsp;&nbsp; \u2013&nbsp; Wiktoria Dr\u0105\u017cczak<\/span><\/p>\n<p><span style=\"color: #000000;\">Nagrody zostan\u0105 wr\u0119czone 15 czerwca 2024 r. podczas Festynu w Ligocie Zabrskiej \ud83d\ude42<br \/>\n<\/span><\/p>\n<p>&nbsp;<\/p>\n","protected":false},"excerpt":{"rendered":"<p>Serdecznie dzi\u0119kujemy za udzia\u0142 w Miejskim Konkursie Plastyczno-Literackim \u201eDajmy si\u0119 zagaw\u0119dzi\u0107\u201d z okazji 50. rocznicy \u015bmierci Melchiora Wa\u0144kowicza. Gratulujemy Autorom talent\u00f3w i dzi\u0119kujemy Opiekunom za [&hellip;]<\/p>\n","protected":false},"author":3,"featured_media":12962,"comment_status":"closed","ping_status":"closed","sticky":false,"template":"","format":"standard","meta":{"ngg_post_thumbnail":0,"footnotes":""},"categories":[4],"tags":[],"class_list":["post-13819","post","type-post","status-publish","format-standard","has-post-thumbnail","hentry","category-aktualnosci"],"_links":{"self":[{"href":"https:\/\/www.sp11.gliwice.pl\/index.php?rest_route=\/wp\/v2\/posts\/13819","targetHints":{"allow":["GET"]}}],"collection":[{"href":"https:\/\/www.sp11.gliwice.pl\/index.php?rest_route=\/wp\/v2\/posts"}],"about":[{"href":"https:\/\/www.sp11.gliwice.pl\/index.php?rest_route=\/wp\/v2\/types\/post"}],"author":[{"embeddable":true,"href":"https:\/\/www.sp11.gliwice.pl\/index.php?rest_route=\/wp\/v2\/users\/3"}],"replies":[{"embeddable":true,"href":"https:\/\/www.sp11.gliwice.pl\/index.php?rest_route=%2Fwp%2Fv2%2Fcomments&post=13819"}],"version-history":[{"count":1,"href":"https:\/\/www.sp11.gliwice.pl\/index.php?rest_route=\/wp\/v2\/posts\/13819\/revisions"}],"predecessor-version":[{"id":13820,"href":"https:\/\/www.sp11.gliwice.pl\/index.php?rest_route=\/wp\/v2\/posts\/13819\/revisions\/13820"}],"wp:featuredmedia":[{"embeddable":true,"href":"https:\/\/www.sp11.gliwice.pl\/index.php?rest_route=\/wp\/v2\/media\/12962"}],"wp:attachment":[{"href":"https:\/\/www.sp11.gliwice.pl\/index.php?rest_route=%2Fwp%2Fv2%2Fmedia&parent=13819"}],"wp:term":[{"taxonomy":"category","embeddable":true,"href":"https:\/\/www.sp11.gliwice.pl\/index.php?rest_route=%2Fwp%2Fv2%2Fcategories&post=13819"},{"taxonomy":"post_tag","embeddable":true,"href":"https:\/\/www.sp11.gliwice.pl\/index.php?rest_route=%2Fwp%2Fv2%2Ftags&post=13819"}],"curies":[{"name":"wp","href":"https:\/\/api.w.org\/{rel}","templated":true}]}}