{"id":13803,"date":"2024-05-15T09:30:55","date_gmt":"2024-05-15T07:30:55","guid":{"rendered":"https:\/\/www.sp11.gliwice.pl\/?p=13803"},"modified":"2024-05-15T09:30:55","modified_gmt":"2024-05-15T07:30:55","slug":"wizyta-w-bibliotece","status":"publish","type":"post","link":"https:\/\/www.sp11.gliwice.pl\/?p=13803","title":{"rendered":"Wizyta w Bibliotece"},"content":{"rendered":"<p><span style=\"color: #000000;\">9.05. grupa Kubusiow Puchatkow w ramach Tygodnia Bibliotek odwiedzi\u0142a Miejsk\u0105 bibliotek\u0119 Publiczn\u0105 w Gliwicach &#8211; So\u015bnicy. Zostali\u015bmy serdecznie przywitani przez Panie tam pracuj\u0105ce, kt\u00f3re wczoraj obchodzi\u0142y swoje \u015bwi\u0119to ( dzie\u0144 bibliotekarza) . Podczas spotkania przedszkolaki wzi\u0119\u0142y udzia\u0142 w &#8222;bibliotecznych podchodach&#8221; , trzeba by\u0142o odnale\u017a\u0107 ukryte symbole, odpowiedzie\u0107 na pytania&#8230;. i dobrze si\u0119 bawi\u0107! Na zako\u0144czenie Puchatki wykona\u0142y fajne prace rysunkowe i w nagrod\u0119 otrzyma\u0142y pami\u0105tkowe zak\u0142adki do ksi\u0105\u017cek. Dzi\u0119kujemy za spotkanie, do zobaczenia!<\/span><\/p>\n<p style=\"text-align: right;\"><em>mgr Cecylia Pierzcha\u0142a<\/em><\/p>\nngg_shortcode_0_placeholder\n","protected":false},"excerpt":{"rendered":"<p>9.05. grupa Kubusiow Puchatkow w ramach Tygodnia Bibliotek odwiedzi\u0142a Miejsk\u0105 bibliotek\u0119 Publiczn\u0105 w Gliwicach &#8211; So\u015bnicy. Zostali\u015bmy serdecznie przywitani przez Panie tam pracuj\u0105ce, kt\u00f3re wczoraj [&hellip;]<\/p>\n","protected":false},"author":3,"featured_media":13804,"comment_status":"closed","ping_status":"closed","sticky":false,"template":"","format":"standard","meta":{"ngg_post_thumbnail":0,"footnotes":""},"categories":[4],"tags":[],"class_list":["post-13803","post","type-post","status-publish","format-standard","has-post-thumbnail","hentry","category-aktualnosci"],"_links":{"self":[{"href":"https:\/\/www.sp11.gliwice.pl\/index.php?rest_route=\/wp\/v2\/posts\/13803","targetHints":{"allow":["GET"]}}],"collection":[{"href":"https:\/\/www.sp11.gliwice.pl\/index.php?rest_route=\/wp\/v2\/posts"}],"about":[{"href":"https:\/\/www.sp11.gliwice.pl\/index.php?rest_route=\/wp\/v2\/types\/post"}],"author":[{"embeddable":true,"href":"https:\/\/www.sp11.gliwice.pl\/index.php?rest_route=\/wp\/v2\/users\/3"}],"replies":[{"embeddable":true,"href":"https:\/\/www.sp11.gliwice.pl\/index.php?rest_route=%2Fwp%2Fv2%2Fcomments&post=13803"}],"version-history":[{"count":1,"href":"https:\/\/www.sp11.gliwice.pl\/index.php?rest_route=\/wp\/v2\/posts\/13803\/revisions"}],"predecessor-version":[{"id":13805,"href":"https:\/\/www.sp11.gliwice.pl\/index.php?rest_route=\/wp\/v2\/posts\/13803\/revisions\/13805"}],"wp:featuredmedia":[{"embeddable":true,"href":"https:\/\/www.sp11.gliwice.pl\/index.php?rest_route=\/wp\/v2\/media\/13804"}],"wp:attachment":[{"href":"https:\/\/www.sp11.gliwice.pl\/index.php?rest_route=%2Fwp%2Fv2%2Fmedia&parent=13803"}],"wp:term":[{"taxonomy":"category","embeddable":true,"href":"https:\/\/www.sp11.gliwice.pl\/index.php?rest_route=%2Fwp%2Fv2%2Fcategories&post=13803"},{"taxonomy":"post_tag","embeddable":true,"href":"https:\/\/www.sp11.gliwice.pl\/index.php?rest_route=%2Fwp%2Fv2%2Ftags&post=13803"}],"curies":[{"name":"wp","href":"https:\/\/api.w.org\/{rel}","templated":true}]}}