{"id":13793,"date":"2024-05-15T09:26:26","date_gmt":"2024-05-15T07:26:26","guid":{"rendered":"https:\/\/www.sp11.gliwice.pl\/?p=13793"},"modified":"2024-05-15T09:26:26","modified_gmt":"2024-05-15T07:26:26","slug":"nasze-pomocne-serca-w-odwiedzinach-w-domu-pomocy-spolecznej","status":"publish","type":"post","link":"https:\/\/www.sp11.gliwice.pl\/?p=13793","title":{"rendered":"Nasze &#8222;Pomocne serca&#8221; w odwiedzinach w Domu Pomocy Spo\u0142ecznej"},"content":{"rendered":"<p><span style=\"color: #000000;\">W ramach Gliwickich Dni Godno\u015bci Os\u00f3b z Niepe\u0142nosprawno\u015bci\u0105 uczniowie wraz z opiekunami Szkolnego Ko\u0142a Wolontariatu \u201ePomocne Serca\u201d wybrali si\u0119 do Dom Pomocy Spo\u0142ecznej NASZ DOM i wywo\u0142ali ogromne wzruszenie i u\u015bmiech na twarzach Senior\u00f3w. Sp\u0119dzili\u015bmy wsp\u00f3lnie przemi\u0142e chwile na rozmowach, grach planszowych&#8230;<\/span><br \/>\n<span style=\"color: #000000;\">Kolejny raz nasza m\u0142odzie\u017c wykaza\u0142a si\u0119 ogromn\u0105 empati\u0105, zrozumieniem oraz \u015bwietnymi zdolno\u015bciami organizacyjnymi.<\/span><br \/>\n<span style=\"color: #000000;\">Na pewno to nie by\u0142a nasza ostatnia wizyta u Senior\u00f3w.<\/span><\/p>\n<p style=\"text-align: right;\"><em>mgr Alicja Cielesta, mgr in\u017c. Urszula Skubacz<\/em><\/p>\nngg_shortcode_0_placeholder\n<p>&nbsp;<\/p>\n<p>&nbsp;<\/p>\n<p>&nbsp;<\/p>\n","protected":false},"excerpt":{"rendered":"<p>W ramach Gliwickich Dni Godno\u015bci Os\u00f3b z Niepe\u0142nosprawno\u015bci\u0105 uczniowie wraz z opiekunami Szkolnego Ko\u0142a Wolontariatu \u201ePomocne Serca\u201d wybrali si\u0119 do Dom Pomocy Spo\u0142ecznej NASZ DOM [&hellip;]<\/p>\n","protected":false},"author":3,"featured_media":13794,"comment_status":"closed","ping_status":"closed","sticky":false,"template":"","format":"standard","meta":{"ngg_post_thumbnail":0,"footnotes":""},"categories":[4],"tags":[],"class_list":["post-13793","post","type-post","status-publish","format-standard","has-post-thumbnail","hentry","category-aktualnosci"],"_links":{"self":[{"href":"https:\/\/www.sp11.gliwice.pl\/index.php?rest_route=\/wp\/v2\/posts\/13793","targetHints":{"allow":["GET"]}}],"collection":[{"href":"https:\/\/www.sp11.gliwice.pl\/index.php?rest_route=\/wp\/v2\/posts"}],"about":[{"href":"https:\/\/www.sp11.gliwice.pl\/index.php?rest_route=\/wp\/v2\/types\/post"}],"author":[{"embeddable":true,"href":"https:\/\/www.sp11.gliwice.pl\/index.php?rest_route=\/wp\/v2\/users\/3"}],"replies":[{"embeddable":true,"href":"https:\/\/www.sp11.gliwice.pl\/index.php?rest_route=%2Fwp%2Fv2%2Fcomments&post=13793"}],"version-history":[{"count":1,"href":"https:\/\/www.sp11.gliwice.pl\/index.php?rest_route=\/wp\/v2\/posts\/13793\/revisions"}],"predecessor-version":[{"id":13795,"href":"https:\/\/www.sp11.gliwice.pl\/index.php?rest_route=\/wp\/v2\/posts\/13793\/revisions\/13795"}],"wp:featuredmedia":[{"embeddable":true,"href":"https:\/\/www.sp11.gliwice.pl\/index.php?rest_route=\/wp\/v2\/media\/13794"}],"wp:attachment":[{"href":"https:\/\/www.sp11.gliwice.pl\/index.php?rest_route=%2Fwp%2Fv2%2Fmedia&parent=13793"}],"wp:term":[{"taxonomy":"category","embeddable":true,"href":"https:\/\/www.sp11.gliwice.pl\/index.php?rest_route=%2Fwp%2Fv2%2Fcategories&post=13793"},{"taxonomy":"post_tag","embeddable":true,"href":"https:\/\/www.sp11.gliwice.pl\/index.php?rest_route=%2Fwp%2Fv2%2Ftags&post=13793"}],"curies":[{"name":"wp","href":"https:\/\/api.w.org\/{rel}","templated":true}]}}