{"id":13776,"date":"2024-05-15T09:00:13","date_gmt":"2024-05-15T07:00:13","guid":{"rendered":"https:\/\/www.sp11.gliwice.pl\/?p=13776"},"modified":"2024-05-15T09:00:13","modified_gmt":"2024-05-15T07:00:13","slug":"udzial-oskara-w-prymusie","status":"publish","type":"post","link":"https:\/\/www.sp11.gliwice.pl\/?p=13776","title":{"rendered":"Udzia\u0142 Oskara w PRYMUSIE"},"content":{"rendered":"<p><span style=\"color: #000000;\">Ucze\u0144 z naszej szko\u0142y Oskar \u017belazo , po eliminacjach szkolnych wzi\u0105\u0142 udzia\u0142 w XVI w Miejskim Konkursie Wiedzy PRYMUS \u2013 przeznaczonym dla uczni\u00f3w klas II SP.<\/span><br \/>\n<span style=\"color: #000000;\">1o szk\u00f3\u0142 walczy\u0142o o tytu\u0142 Prymusa odpowiadaj\u0105c na pytania z r\u00f3\u017cnorodnych dziedzin takich jak m.in: przyroda i geografia, matematyka, rebusy, przys\u0142owia, informatyka, wiedza og\u00f3lna. Konkurs mia\u0142 form\u0119 multimedialn\u0105. Mimo \u017ce nie stanieli\u015bmy na podium by\u0142a to wspania\u0142a przygoda.<\/span><br \/>\n<span style=\"color: #000000;\">Gratulujemy \ud83d\ude42<\/span><\/p>\nngg_shortcode_0_placeholder\n","protected":false},"excerpt":{"rendered":"<p>Ucze\u0144 z naszej szko\u0142y Oskar \u017belazo , po eliminacjach szkolnych wzi\u0105\u0142 udzia\u0142 w XVI w Miejskim Konkursie Wiedzy PRYMUS \u2013 przeznaczonym dla uczni\u00f3w klas II [&hellip;]<\/p>\n","protected":false},"author":3,"featured_media":13777,"comment_status":"closed","ping_status":"closed","sticky":false,"template":"","format":"standard","meta":{"ngg_post_thumbnail":0,"footnotes":""},"categories":[4],"tags":[],"class_list":["post-13776","post","type-post","status-publish","format-standard","has-post-thumbnail","hentry","category-aktualnosci"],"_links":{"self":[{"href":"https:\/\/www.sp11.gliwice.pl\/index.php?rest_route=\/wp\/v2\/posts\/13776","targetHints":{"allow":["GET"]}}],"collection":[{"href":"https:\/\/www.sp11.gliwice.pl\/index.php?rest_route=\/wp\/v2\/posts"}],"about":[{"href":"https:\/\/www.sp11.gliwice.pl\/index.php?rest_route=\/wp\/v2\/types\/post"}],"author":[{"embeddable":true,"href":"https:\/\/www.sp11.gliwice.pl\/index.php?rest_route=\/wp\/v2\/users\/3"}],"replies":[{"embeddable":true,"href":"https:\/\/www.sp11.gliwice.pl\/index.php?rest_route=%2Fwp%2Fv2%2Fcomments&post=13776"}],"version-history":[{"count":1,"href":"https:\/\/www.sp11.gliwice.pl\/index.php?rest_route=\/wp\/v2\/posts\/13776\/revisions"}],"predecessor-version":[{"id":13778,"href":"https:\/\/www.sp11.gliwice.pl\/index.php?rest_route=\/wp\/v2\/posts\/13776\/revisions\/13778"}],"wp:featuredmedia":[{"embeddable":true,"href":"https:\/\/www.sp11.gliwice.pl\/index.php?rest_route=\/wp\/v2\/media\/13777"}],"wp:attachment":[{"href":"https:\/\/www.sp11.gliwice.pl\/index.php?rest_route=%2Fwp%2Fv2%2Fmedia&parent=13776"}],"wp:term":[{"taxonomy":"category","embeddable":true,"href":"https:\/\/www.sp11.gliwice.pl\/index.php?rest_route=%2Fwp%2Fv2%2Fcategories&post=13776"},{"taxonomy":"post_tag","embeddable":true,"href":"https:\/\/www.sp11.gliwice.pl\/index.php?rest_route=%2Fwp%2Fv2%2Ftags&post=13776"}],"curies":[{"name":"wp","href":"https:\/\/api.w.org\/{rel}","templated":true}]}}