{"id":13767,"date":"2024-05-14T12:59:39","date_gmt":"2024-05-14T10:59:39","guid":{"rendered":"https:\/\/www.sp11.gliwice.pl\/?p=13767"},"modified":"2024-05-14T12:59:39","modified_gmt":"2024-05-14T10:59:39","slug":"wspomnienia-z-wloch","status":"publish","type":"post","link":"https:\/\/www.sp11.gliwice.pl\/?p=13767","title":{"rendered":"Wspomnienia z W\u0142och :)"},"content":{"rendered":"<p><span style=\"color: #000000;\">W dniach 1 maja \u2013 12 maja uczniowie naszej szko\u0142y pod opiek\u0105 Pana Dyrektora, pa\u0144 Joli, Kasi i Agnieszki odwiedzili s\u0142oneczn\u0105 Itali\u0119&nbsp; \ud83d\ude42<br \/>\n<\/span><\/p>\n<p><span style=\"color: #000000;\">Po zameldowaniu si\u0119 na Mi\u0119dzynarodowym Campingu &nbsp;\u201eMare e Pineta\u201d w miejscowo\u015bci Lido di Spina nast\u0105pi\u0142o uroczyste przywitanie z Morzem Adriatyckim \ud83d\ude42<br \/>\n<\/span><\/p>\n<p><span style=\"color: #000000;\">2 maja jako m\u0142odzi patrioci uczcili\u015bmy ,,\u015awi\u0119to Flagi&#8221; w biegu bia\u0142o \u2013 czerwonym \ud83d\ude42<br \/>\n<\/span><\/p>\n<p><span style=\"color: #000000;\">Na pocz\u0105tek odwiedzili\u015bmy ma\u0142e przepi\u0119kne miasto Comacchio, nazywane przez W\u0142och\u00f3w ,,ma\u0142\u0105 Wenecj\u0105.&#8221; Zwiedzili\u015bmy przepi\u0119kne ko\u015bcio\u0142y&#8230;&#8230;.oraz zobaczyli\u015bmy jak przebiega\u0142y przygotowania do organizowanego tam p\u00f3\u0142maratonu.<\/span><\/p>\n<p><span style=\"color: #000000;\">3 maja w 233 rocznic\u0119 uchwalenia Konstytucji z roku 1773 u nas tak\u017ce odby\u0142a si\u0119 ma\u0142a akademia.<\/span><\/p>\n<p><span style=\"color: #000000;\">Ka\u017cdy dzie\u0144 tradycyjnie zaczynali\u015bmy gimnastyk\u0105 porann\u0105 by\u0142y te\u017c spacery na &nbsp;miejscowe targowisko na pla\u017c\u0119 i k\u0105piel w Morzu Adriatyckim.<\/span><\/p>\n<p><span style=\"color: #000000;\">Zwiedzili\u015bmy tak\u017ce Boloni\u0119. Odwiedzili\u015bmy katedr\u0119 pw. \u015bwi\u0119tego Petroniusza, Uniwersytet oraz cmentarz \u017co\u0142nierzy polskich poleg\u0142ych na ziemi w\u0142oskiej To by\u0142a prawdziwa lekcja historii<\/span><\/p>\n<p><span style=\"color: #000000;\">Odwiedzili\u015bmy tak\u017ce pi\u0119kne stare miasto w Ferrarze Weszli\u015bmy do Katedry \u015bw. Jerzego oraz zobaczyli\u015bmy ogromny zamek rodu d\u2019Estensi.<\/span><\/p>\n<p><span style=\"color: #000000;\">Kolejne miasto na naszej trasie to &#8211; San Marino &#8211; urocze pa\u0144stwo znajduj\u0105ce si\u0119 w \u201e\u015brodku W\u0142och\u201d, znane jako jedno z najmniejszych pa\u0144stw \u015bwiata. Jest r\u00f3wnie\u017c jednym z najstarszych pa\u0144stw w Europie. Istnieje ju\u017c od 301 roku naszej ery.<\/span><\/p>\n<p><span style=\"color: #000000;\">W drodze powrotnej z San Marino odwiedzili\u015bmy Rawenn\u0119. <\/span><span style=\"color: #000000;\">Rawenna to jedno z trzech najwa\u017cniejszych miast regionu Emilia-Romania w p\u00f3\u0142nocnych W\u0142oszech. Tury\u015bci przyje\u017cd\u017caj\u0105 tutaj aby podziwia\u0107 \u015bwietnie zachowane, bezcenne bizantyjskie mozaiki i odwiedza\u0107 miejsca zwi\u0105zane poet\u0105 i filozofem Dante Alighieri.<\/span><\/p>\n<p><span style=\"color: #000000;\">W drodze powrotnej zatrzymali\u015bmy si\u0119 &nbsp;w opactwie benedyktyn\u00f3w z 9 wieku Abbazia di Pomposa Jest tutaj pierwszy na \u015bwiecie zapis nutowy.<\/span><\/p>\n<p><span style=\"color: #000000;\">12 maja o godzinie 5.10 zameldowali\u015bmy si\u0119 pod szko\u0142\u0105 \ud83d\ude42<br \/>\n<\/span><\/p>\nngg_shortcode_0_placeholder\n<p>&nbsp;<\/p>\n<p>&nbsp;<\/p>\n<p>&nbsp;<\/p>\n<p>&nbsp;<\/p>\n","protected":false},"excerpt":{"rendered":"<p>W dniach 1 maja \u2013 12 maja uczniowie naszej szko\u0142y pod opiek\u0105 Pana Dyrektora, pa\u0144 Joli, Kasi i Agnieszki odwiedzili s\u0142oneczn\u0105 Itali\u0119&nbsp; \ud83d\ude42 Po zameldowaniu [&hellip;]<\/p>\n","protected":false},"author":3,"featured_media":13768,"comment_status":"closed","ping_status":"closed","sticky":false,"template":"","format":"standard","meta":{"ngg_post_thumbnail":0,"footnotes":""},"categories":[4],"tags":[],"class_list":["post-13767","post","type-post","status-publish","format-standard","has-post-thumbnail","hentry","category-aktualnosci"],"_links":{"self":[{"href":"https:\/\/www.sp11.gliwice.pl\/index.php?rest_route=\/wp\/v2\/posts\/13767","targetHints":{"allow":["GET"]}}],"collection":[{"href":"https:\/\/www.sp11.gliwice.pl\/index.php?rest_route=\/wp\/v2\/posts"}],"about":[{"href":"https:\/\/www.sp11.gliwice.pl\/index.php?rest_route=\/wp\/v2\/types\/post"}],"author":[{"embeddable":true,"href":"https:\/\/www.sp11.gliwice.pl\/index.php?rest_route=\/wp\/v2\/users\/3"}],"replies":[{"embeddable":true,"href":"https:\/\/www.sp11.gliwice.pl\/index.php?rest_route=%2Fwp%2Fv2%2Fcomments&post=13767"}],"version-history":[{"count":1,"href":"https:\/\/www.sp11.gliwice.pl\/index.php?rest_route=\/wp\/v2\/posts\/13767\/revisions"}],"predecessor-version":[{"id":13769,"href":"https:\/\/www.sp11.gliwice.pl\/index.php?rest_route=\/wp\/v2\/posts\/13767\/revisions\/13769"}],"wp:featuredmedia":[{"embeddable":true,"href":"https:\/\/www.sp11.gliwice.pl\/index.php?rest_route=\/wp\/v2\/media\/13768"}],"wp:attachment":[{"href":"https:\/\/www.sp11.gliwice.pl\/index.php?rest_route=%2Fwp%2Fv2%2Fmedia&parent=13767"}],"wp:term":[{"taxonomy":"category","embeddable":true,"href":"https:\/\/www.sp11.gliwice.pl\/index.php?rest_route=%2Fwp%2Fv2%2Fcategories&post=13767"},{"taxonomy":"post_tag","embeddable":true,"href":"https:\/\/www.sp11.gliwice.pl\/index.php?rest_route=%2Fwp%2Fv2%2Ftags&post=13767"}],"curies":[{"name":"wp","href":"https:\/\/api.w.org\/{rel}","templated":true}]}}