{"id":13727,"date":"2024-04-26T13:21:25","date_gmt":"2024-04-26T11:21:25","guid":{"rendered":"https:\/\/www.sp11.gliwice.pl\/?p=13727"},"modified":"2024-04-26T13:21:25","modified_gmt":"2024-04-26T11:21:25","slug":"kreatywny-tydzien-edycja-wiosna-2","status":"publish","type":"post","link":"https:\/\/www.sp11.gliwice.pl\/?p=13727","title":{"rendered":"Kreatywny tydzie\u0144 &#8211; edycja WIOSNA :)"},"content":{"rendered":"<p><span style=\"color: #000000;\">W zwi\u0105zku z tym, \u017ce Kreatywny Tydzie\u0144 spotka\u0142 si\u0119 z du\u017cym entuzjazmem i pomys\u0142owo\u015bci\u0105 uczni\u00f3w postanowili\u015bmy zrobi\u0107 WIOSENN\u0104 ODS\u0141ON\u0118 KREATYWNEGO TYGODNIA\ud83e\udd73<\/span><br \/>\n<span style=\"color: #000000;\">W poniedzia\u0142ek na g\u0142owach uczni\u00f3w pojawi\u0142y si\u0119 kapelusze, ale \u017ceby\u015bcie nie my\u015bleli, \u017ce to by\u0142y takie zwyk\u0142e kapelusze. Na kapeluszach pojawi\u0142y si\u0119 mi\u0119dzy innymi kwiatki, wst\u0105\u017cki i bibu\u0142y\ud83d\ude04<\/span><br \/>\n<span style=\"color: #000000;\">We wtorek, klasy 1-6 w ramach \u015bwiatowego miesi\u0105ca \u015bwiadomo\u015bci autyzmu mog\u0142y pokona\u0144 \u015bcie\u017ck\u0119 sensoryczn\u0105. Uczniowie mogli pozna\u0107 otaczaj\u0105cy \u015bwiat poprzez dotyk i inne zmys\u0142y\ud83d\udd90\ud83d\udc41\ud83d\udc42<\/span><br \/>\n<span style=\"color: #000000;\">W \u015brod\u0119 w szkole zrobi\u0142o si\u0119 bardzo kolorowo i kwiatowo, mimo pogody u nas by\u0142a wiosna! Zrobili\u015bmy konkurs na najbardziej kwiatowe osoby!\ud83c\udf38\ud83c\udf3c\ud83c\udff5<\/span><br \/>\n<span style=\"color: #000000;\">Uczniowie mieli r\u00f3wnie\u017c okazj\u0119 wzi\u0105\u0107 udzia\u0142 w \u201ecichej przerwie&#8221;. Mogli uda\u0107 si\u0119 do specjalnego pomieszczenia- wyciszy\u0107 si\u0119 i zrelaksowa\u0107 przed kolejn\u0105 lekcj\u0105\ud83e\udd2b<\/span><br \/>\n<span style=\"color: #000000;\">W czwartek uczniowie z klas 1- 3 wzi\u0119li udzia\u0142 w zaj\u0119ciach teatralnych w ramach Dnia Teatru. Mogli zamieni\u0107 si\u0119 w aktor\u00f3w, odegra\u0107 kr\u00f3tkie przedstawienie oraz zrobi\u0107 maski teatralne\ud83c\udfad<\/span><br \/>\n<span style=\"color: #000000;\">Pi\u0105tek, ostatni dzie\u0144 przed bardzo d\u0142ugim weekendem by\u0142 naprawd\u0119 kreatywny. Uczniowie przyszli do szko\u0142y bez&#8230; plecak\u00f3w\ud83c\udf92 Ksi\u0105\u017cki, zeszyty i przybory szkolne spakowali do&#8230; pude\u0142ek, walizek, w\u00f3zk\u00f3w, lod\u00f3wek turystycznych, a nawet ponton\u00f3w!<\/span><br \/>\n<span style=\"color: #000000;\">Jak widzimy, nasi uczniowie s\u0105 bardzo pomys\u0142owi\ud83d\ude06<\/span><br \/>\n<span style=\"color: #000000;\">Tydzie\u0144 min\u0105\u0142 nam bardzo weso\u0142o, na wsp\u00f3lnej zabawie i przede wszystkim bardzo KREATYWNIE!\ud83e\udd73\ud83c\udf89<\/span><br \/>\n<span style=\"color: #000000;\">Dzi\u0119kujemy wszystkim za udzia\u0142!\ud83e\ude77<\/span><br \/>\n<span style=\"color: #000000;\">I ju\u017c my\u015blimy nad kolejnymi, kreatywnymi zabawami!\ud83e\udd2a<\/span><\/p>\n<p style=\"text-align: right;\"><em>mgr Natalia Drapa<br \/>\n<\/em><em>mgr Agnieszka Zwoli\u0144ska<\/em><\/p>\nngg_shortcode_0_placeholder\n","protected":false},"excerpt":{"rendered":"<p>W zwi\u0105zku z tym, \u017ce Kreatywny Tydzie\u0144 spotka\u0142 si\u0119 z du\u017cym entuzjazmem i pomys\u0142owo\u015bci\u0105 uczni\u00f3w postanowili\u015bmy zrobi\u0107 WIOSENN\u0104 ODS\u0141ON\u0118 KREATYWNEGO TYGODNIA\ud83e\udd73 W poniedzia\u0142ek na g\u0142owach [&hellip;]<\/p>\n","protected":false},"author":3,"featured_media":13728,"comment_status":"closed","ping_status":"closed","sticky":false,"template":"","format":"standard","meta":{"ngg_post_thumbnail":0,"footnotes":""},"categories":[4],"tags":[],"class_list":["post-13727","post","type-post","status-publish","format-standard","has-post-thumbnail","hentry","category-aktualnosci"],"_links":{"self":[{"href":"https:\/\/www.sp11.gliwice.pl\/index.php?rest_route=\/wp\/v2\/posts\/13727","targetHints":{"allow":["GET"]}}],"collection":[{"href":"https:\/\/www.sp11.gliwice.pl\/index.php?rest_route=\/wp\/v2\/posts"}],"about":[{"href":"https:\/\/www.sp11.gliwice.pl\/index.php?rest_route=\/wp\/v2\/types\/post"}],"author":[{"embeddable":true,"href":"https:\/\/www.sp11.gliwice.pl\/index.php?rest_route=\/wp\/v2\/users\/3"}],"replies":[{"embeddable":true,"href":"https:\/\/www.sp11.gliwice.pl\/index.php?rest_route=%2Fwp%2Fv2%2Fcomments&post=13727"}],"version-history":[{"count":1,"href":"https:\/\/www.sp11.gliwice.pl\/index.php?rest_route=\/wp\/v2\/posts\/13727\/revisions"}],"predecessor-version":[{"id":13729,"href":"https:\/\/www.sp11.gliwice.pl\/index.php?rest_route=\/wp\/v2\/posts\/13727\/revisions\/13729"}],"wp:featuredmedia":[{"embeddable":true,"href":"https:\/\/www.sp11.gliwice.pl\/index.php?rest_route=\/wp\/v2\/media\/13728"}],"wp:attachment":[{"href":"https:\/\/www.sp11.gliwice.pl\/index.php?rest_route=%2Fwp%2Fv2%2Fmedia&parent=13727"}],"wp:term":[{"taxonomy":"category","embeddable":true,"href":"https:\/\/www.sp11.gliwice.pl\/index.php?rest_route=%2Fwp%2Fv2%2Fcategories&post=13727"},{"taxonomy":"post_tag","embeddable":true,"href":"https:\/\/www.sp11.gliwice.pl\/index.php?rest_route=%2Fwp%2Fv2%2Ftags&post=13727"}],"curies":[{"name":"wp","href":"https:\/\/api.w.org\/{rel}","templated":true}]}}