{"id":13693,"date":"2024-04-25T19:49:43","date_gmt":"2024-04-25T17:49:43","guid":{"rendered":"https:\/\/www.sp11.gliwice.pl\/?p=13693"},"modified":"2024-04-25T19:49:43","modified_gmt":"2024-04-25T17:49:43","slug":"konkurs-recytatorski-dla-klas-4-8","status":"publish","type":"post","link":"https:\/\/www.sp11.gliwice.pl\/?p=13693","title":{"rendered":"Konkurs recytatorski dla klas 4-8"},"content":{"rendered":"<p><span style=\"color: #000000;\"><strong>KONKURS RECYTATORSKI KLAS 4-8<\/strong><\/span><\/p>\n<p><span style=\"color: #000000;\">24 kwietnia 2024 r. w naszej Szkole odby\u0142 si\u0119 Szkolny Konkurs Recytatorski zatytu\u0142owany:&nbsp; \u201eWiersze, kt\u00f3re lubimy\u201d.&nbsp; Wzi\u0119\u0142o w nim udzia\u0142 13 uczni\u00f3w, kt\u00f3rzy zaprezentowali utwory poetyckie znanych tw\u00f3rc\u00f3w \u2013 Jana Brzechwy, Juliana Tuwima, Wis\u0142awy Szymborskiej, Doroty Gellner i Adama Mickiewicza. Nie zabrak\u0142o r\u00f3wnie\u017c tw\u00f3rczo\u015bci w\u0142asnej recytatorek.<\/span><\/p>\n<p><span style=\"color: #000000;\">Jury konkursu ocenia\u0142o opanowanie pami\u0119ciowe prezentowanego tekstu, interpretacj\u0119 wiersza, walory g\u0142osowe recytuj\u0105cego (dykcj\u0119, intonacj\u0119, artykulacj\u0119) oraz og\u00f3lny&nbsp; wyraz artystyczny.<\/span><\/p>\n<p><span style=\"color: #000000;\"><u>Jury w sk\u0142adzie: <\/u><\/span><\/p>\n<p><span style=\"color: #000000;\">pani wicedyrektor Beata Bodnar,<\/span><\/p>\n<p><span style=\"color: #000000;\">pani Agnieszka Zwoli\u0144ska,<\/span><\/p>\n<p><span style=\"color: #000000;\">pan Rafa\u0142 Dul\u0119ba, wy\u0142oni\u0142o zwyci\u0119zc\u00f3w:<\/span><\/p>\n<h5><span style=\"color: #000000;\"><strong>I miejsce ex aequo \u2013 <span style=\"color: #ff0000;\">Hanna Szewczyk, kl. 7 i Julia Miarecka, kl. 8,<\/span><\/strong><\/span><\/h5>\n<p><span style=\"color: #000000;\"><strong>II miejsce \u2013 <span style=\"color: #ff0000;\">Bartosz Fieback, kl. 5,<\/span><\/strong><\/span><\/p>\n<p><span style=\"color: #000000;\"><strong>III miejsce \u2013 <span style=\"color: #ff0000;\">Zuzanna Pyka, kl. 6.<\/span><\/strong><\/span><\/p>\n<p><span style=\"color: #000000;\"><strong>&nbsp;<\/strong><strong>Wyr\u00f3\u017cnienia: <span style=\"color: #ff0000;\">Klaudia Antczak, kl. 6 i Oliwia Suszczyk, kl. 4.<\/span> <\/strong><\/span><\/p>\n<p><span style=\"color: #000000;\"><strong>Gratulacje dla zwyci\u0119zc\u00f3w i nagrodzonych!<\/strong> Wszystkim uczestnikom dzi\u0119kujemy za wysi\u0142ek w\u0142o\u017cony w przygotowanie w\u0142asnych interpretacji wierszy i za udzia\u0142 w konkursie!<\/span><\/p>\n<p style=\"text-align: right;\"><em>Organizatorzy<\/em><\/p>\n<p style=\"text-align: right;\"><em>I.Jureczko, G. Szel\u0105g i E. Wilk &#8211; Krzy\u017cowska<\/em><\/p>\nngg_shortcode_0_placeholder\n","protected":false},"excerpt":{"rendered":"<p>KONKURS RECYTATORSKI KLAS 4-8 24 kwietnia 2024 r. w naszej Szkole odby\u0142 si\u0119 Szkolny Konkurs Recytatorski zatytu\u0142owany:&nbsp; \u201eWiersze, kt\u00f3re lubimy\u201d.&nbsp; Wzi\u0119\u0142o w nim udzia\u0142 13 [&hellip;]<\/p>\n","protected":false},"author":3,"featured_media":13694,"comment_status":"closed","ping_status":"closed","sticky":false,"template":"","format":"standard","meta":{"ngg_post_thumbnail":0,"footnotes":""},"categories":[4],"tags":[],"class_list":["post-13693","post","type-post","status-publish","format-standard","has-post-thumbnail","hentry","category-aktualnosci"],"_links":{"self":[{"href":"https:\/\/www.sp11.gliwice.pl\/index.php?rest_route=\/wp\/v2\/posts\/13693","targetHints":{"allow":["GET"]}}],"collection":[{"href":"https:\/\/www.sp11.gliwice.pl\/index.php?rest_route=\/wp\/v2\/posts"}],"about":[{"href":"https:\/\/www.sp11.gliwice.pl\/index.php?rest_route=\/wp\/v2\/types\/post"}],"author":[{"embeddable":true,"href":"https:\/\/www.sp11.gliwice.pl\/index.php?rest_route=\/wp\/v2\/users\/3"}],"replies":[{"embeddable":true,"href":"https:\/\/www.sp11.gliwice.pl\/index.php?rest_route=%2Fwp%2Fv2%2Fcomments&post=13693"}],"version-history":[{"count":1,"href":"https:\/\/www.sp11.gliwice.pl\/index.php?rest_route=\/wp\/v2\/posts\/13693\/revisions"}],"predecessor-version":[{"id":13695,"href":"https:\/\/www.sp11.gliwice.pl\/index.php?rest_route=\/wp\/v2\/posts\/13693\/revisions\/13695"}],"wp:featuredmedia":[{"embeddable":true,"href":"https:\/\/www.sp11.gliwice.pl\/index.php?rest_route=\/wp\/v2\/media\/13694"}],"wp:attachment":[{"href":"https:\/\/www.sp11.gliwice.pl\/index.php?rest_route=%2Fwp%2Fv2%2Fmedia&parent=13693"}],"wp:term":[{"taxonomy":"category","embeddable":true,"href":"https:\/\/www.sp11.gliwice.pl\/index.php?rest_route=%2Fwp%2Fv2%2Fcategories&post=13693"},{"taxonomy":"post_tag","embeddable":true,"href":"https:\/\/www.sp11.gliwice.pl\/index.php?rest_route=%2Fwp%2Fv2%2Ftags&post=13693"}],"curies":[{"name":"wp","href":"https:\/\/api.w.org\/{rel}","templated":true}]}}