{"id":13688,"date":"2024-04-23T21:57:53","date_gmt":"2024-04-23T19:57:53","guid":{"rendered":"https:\/\/www.sp11.gliwice.pl\/?p=13688"},"modified":"2024-04-23T21:57:53","modified_gmt":"2024-04-23T19:57:53","slug":"dzien-ziemi-3","status":"publish","type":"post","link":"https:\/\/www.sp11.gliwice.pl\/?p=13688","title":{"rendered":"Dzie\u0144 Ziemi"},"content":{"rendered":"<p><span style=\"color: #000000;\">22 kwietnia&nbsp; dzieci ze wszystkich grup przedszkolnych \u015bwi\u0119towa\u0142y Dzie\u0144 Ziemi. W grupach przeprowadzono ciekawe zaj\u0119cia, zabawy ekologiczne, obejrzano prezentacj\u0119 multimedialn\u0105 dotycz\u0105 ochrony naszej planety. Przedszkolaki zadba\u0142y o upi\u0119kszenie placu przedszkolnego, ka\u017cda grupa posadzi\u0142a drzewko. Dzieci ju\u017c wiedz\u0105, \u017ce dla dobra naszej planety nale\u017cy sadzi\u0107 drzewa, piel\u0119gnowa\u0107 ro\u015bliny, oszcz\u0119dza\u0107 wod\u0119 i pr\u0105d, segregowa\u0107 \u015bmieci i ogranicza\u0107 zu\u017cycie plastiku.<\/span><\/p>\n<p style=\"text-align: right;\"><em>mgr Cecylia Pierzcha\u0142a<\/em><\/p>\nngg_shortcode_0_placeholder\n","protected":false},"excerpt":{"rendered":"<p>22 kwietnia&nbsp; dzieci ze wszystkich grup przedszkolnych \u015bwi\u0119towa\u0142y Dzie\u0144 Ziemi. W grupach przeprowadzono ciekawe zaj\u0119cia, zabawy ekologiczne, obejrzano prezentacj\u0119 multimedialn\u0105 dotycz\u0105 ochrony naszej planety. Przedszkolaki [&hellip;]<\/p>\n","protected":false},"author":3,"featured_media":13689,"comment_status":"closed","ping_status":"closed","sticky":false,"template":"","format":"standard","meta":{"ngg_post_thumbnail":0,"footnotes":""},"categories":[4],"tags":[],"class_list":["post-13688","post","type-post","status-publish","format-standard","has-post-thumbnail","hentry","category-aktualnosci"],"_links":{"self":[{"href":"https:\/\/www.sp11.gliwice.pl\/index.php?rest_route=\/wp\/v2\/posts\/13688","targetHints":{"allow":["GET"]}}],"collection":[{"href":"https:\/\/www.sp11.gliwice.pl\/index.php?rest_route=\/wp\/v2\/posts"}],"about":[{"href":"https:\/\/www.sp11.gliwice.pl\/index.php?rest_route=\/wp\/v2\/types\/post"}],"author":[{"embeddable":true,"href":"https:\/\/www.sp11.gliwice.pl\/index.php?rest_route=\/wp\/v2\/users\/3"}],"replies":[{"embeddable":true,"href":"https:\/\/www.sp11.gliwice.pl\/index.php?rest_route=%2Fwp%2Fv2%2Fcomments&post=13688"}],"version-history":[{"count":1,"href":"https:\/\/www.sp11.gliwice.pl\/index.php?rest_route=\/wp\/v2\/posts\/13688\/revisions"}],"predecessor-version":[{"id":13690,"href":"https:\/\/www.sp11.gliwice.pl\/index.php?rest_route=\/wp\/v2\/posts\/13688\/revisions\/13690"}],"wp:featuredmedia":[{"embeddable":true,"href":"https:\/\/www.sp11.gliwice.pl\/index.php?rest_route=\/wp\/v2\/media\/13689"}],"wp:attachment":[{"href":"https:\/\/www.sp11.gliwice.pl\/index.php?rest_route=%2Fwp%2Fv2%2Fmedia&parent=13688"}],"wp:term":[{"taxonomy":"category","embeddable":true,"href":"https:\/\/www.sp11.gliwice.pl\/index.php?rest_route=%2Fwp%2Fv2%2Fcategories&post=13688"},{"taxonomy":"post_tag","embeddable":true,"href":"https:\/\/www.sp11.gliwice.pl\/index.php?rest_route=%2Fwp%2Fv2%2Ftags&post=13688"}],"curies":[{"name":"wp","href":"https:\/\/api.w.org\/{rel}","templated":true}]}}