{"id":13674,"date":"2024-04-21T17:16:37","date_gmt":"2024-04-21T15:16:37","guid":{"rendered":"https:\/\/www.sp11.gliwice.pl\/?p=13674"},"modified":"2024-04-21T17:16:37","modified_gmt":"2024-04-21T15:16:37","slug":"straz-graniczna-w-naszej-szkole","status":"publish","type":"post","link":"https:\/\/www.sp11.gliwice.pl\/?p=13674","title":{"rendered":"Stra\u017c Graniczna w naszej szkole"},"content":{"rendered":"<p><span style=\"color: #000000;\">To nie koniec wydarze\u0144 w naszej szkole w tym tygodniu \ud83d\ude42 Dzisiaj tj. 18.04.2024 r., po raz pierwszy w historii naszej szko\u0142y, go\u015bcili\u015bmy funkcjonariuszy Plac\u00f3wki Stra\u017cy Granicznej w Rudzie \u015al\u0105skiej. Chor\u0105\u017cy SG p.Katarzyna P\u0119kal- Korus, chor\u0105\u017cy SG p.Agata Brzezi\u0144ska i chor\u0105\u017cy SG p. Luiza Karpi\u0144ska spotka\u0142y si\u0119 z dzie\u0107mi w oddzia\u0142ach przedszkolnych i uczniami klas 1-3, podejmuj\u0105c tematyk\u0119 &#8222;Bezpiecze\u0144stwa w kontaktach z osobami obcymi&#8221;. Natomiast w\u015br\u00f3d uczni\u00f3w klas 4-8 porusza\u0142y tre\u015bci zwi\u0105zane z Handlem lud\u017ami. Bardzo dzi\u0119kujemy za gotowo\u015b\u0107 wsp\u00f3\u0142pracy i liczymy na jej owocn\u0105 kontynuacj\u0119 w przysz\u0142o\u015bci.<\/span><\/p>\n<p style=\"text-align: right;\"><em>pedagog mgr Joanna Magiera<\/em><\/p>\nngg_shortcode_0_placeholder\n","protected":false},"excerpt":{"rendered":"<p>To nie koniec wydarze\u0144 w naszej szkole w tym tygodniu \ud83d\ude42 Dzisiaj tj. 18.04.2024 r., po raz pierwszy w historii naszej szko\u0142y, go\u015bcili\u015bmy funkcjonariuszy Plac\u00f3wki [&hellip;]<\/p>\n","protected":false},"author":3,"featured_media":13675,"comment_status":"closed","ping_status":"closed","sticky":false,"template":"","format":"standard","meta":{"ngg_post_thumbnail":0,"footnotes":""},"categories":[4],"tags":[],"class_list":["post-13674","post","type-post","status-publish","format-standard","has-post-thumbnail","hentry","category-aktualnosci"],"_links":{"self":[{"href":"https:\/\/www.sp11.gliwice.pl\/index.php?rest_route=\/wp\/v2\/posts\/13674","targetHints":{"allow":["GET"]}}],"collection":[{"href":"https:\/\/www.sp11.gliwice.pl\/index.php?rest_route=\/wp\/v2\/posts"}],"about":[{"href":"https:\/\/www.sp11.gliwice.pl\/index.php?rest_route=\/wp\/v2\/types\/post"}],"author":[{"embeddable":true,"href":"https:\/\/www.sp11.gliwice.pl\/index.php?rest_route=\/wp\/v2\/users\/3"}],"replies":[{"embeddable":true,"href":"https:\/\/www.sp11.gliwice.pl\/index.php?rest_route=%2Fwp%2Fv2%2Fcomments&post=13674"}],"version-history":[{"count":1,"href":"https:\/\/www.sp11.gliwice.pl\/index.php?rest_route=\/wp\/v2\/posts\/13674\/revisions"}],"predecessor-version":[{"id":13676,"href":"https:\/\/www.sp11.gliwice.pl\/index.php?rest_route=\/wp\/v2\/posts\/13674\/revisions\/13676"}],"wp:featuredmedia":[{"embeddable":true,"href":"https:\/\/www.sp11.gliwice.pl\/index.php?rest_route=\/wp\/v2\/media\/13675"}],"wp:attachment":[{"href":"https:\/\/www.sp11.gliwice.pl\/index.php?rest_route=%2Fwp%2Fv2%2Fmedia&parent=13674"}],"wp:term":[{"taxonomy":"category","embeddable":true,"href":"https:\/\/www.sp11.gliwice.pl\/index.php?rest_route=%2Fwp%2Fv2%2Fcategories&post=13674"},{"taxonomy":"post_tag","embeddable":true,"href":"https:\/\/www.sp11.gliwice.pl\/index.php?rest_route=%2Fwp%2Fv2%2Ftags&post=13674"}],"curies":[{"name":"wp","href":"https:\/\/api.w.org\/{rel}","templated":true}]}}