{"id":13660,"date":"2024-04-18T20:49:23","date_gmt":"2024-04-18T18:49:23","guid":{"rendered":"https:\/\/www.sp11.gliwice.pl\/?p=13660"},"modified":"2024-04-18T20:49:23","modified_gmt":"2024-04-18T18:49:23","slug":"klasa-8-na-targach-edukacyjnych","status":"publish","type":"post","link":"https:\/\/www.sp11.gliwice.pl\/?p=13660","title":{"rendered":"Klasa 8 na Targach Edukacyjnych"},"content":{"rendered":"<p><span style=\"color: #000000;\">W dniu 17.04.2024 r., uczniowie klasy 8a, pod opiek\u0105 pedagoga specjalnego i pedagoga szkolnego uczestniczyli w Gliwickich Targach Edukacyjnych, zorganizowanych, jak co roku na terenie hali sportowej w Centrum Kszta\u0142cenia Zawodowego i Ustawicznego nr 1 w Gliwicach. Wycieczka odby\u0142a si\u0119 w ramach realizacji zaj\u0119\u0107 z doradztwa zawodowego. Uczniowie mieli okazj\u0119 zapozna\u0107 si\u0119 z ofert\u0105 edukacyjn\u0105 gliwickich szk\u00f3\u0142 ponadpodstawowych w bezpo\u015brednim kontakcie z ich uczniami i nauczycielami. Sprosta\u0107 wyzwaniu podj\u0119cia w\u0142a\u015bciwej decyzji edukacyjnej nie jest \u0142atwo, dlatego wspieramy i naszych uczni\u00f3w, umo\u017cliwiaj\u0105c im udzia\u0142 w dodatkowych inicjatywach i trzymamy kciuki za ich trafne wybory. \ud83d\ude42<br \/>\n<\/span><\/p>\n<p style=\"text-align: right;\"><em>pedagog mgr Joanna Magiera<\/em><\/p>\n<p style=\"text-align: right;\"><em>pedagog specjalny mgr Agnieszka Zwoli\u0144ska<\/em><\/p>\nngg_shortcode_0_placeholder\n","protected":false},"excerpt":{"rendered":"<p>W dniu 17.04.2024 r., uczniowie klasy 8a, pod opiek\u0105 pedagoga specjalnego i pedagoga szkolnego uczestniczyli w Gliwickich Targach Edukacyjnych, zorganizowanych, jak co roku na terenie [&hellip;]<\/p>\n","protected":false},"author":3,"featured_media":13661,"comment_status":"closed","ping_status":"closed","sticky":false,"template":"","format":"standard","meta":{"ngg_post_thumbnail":0,"footnotes":""},"categories":[4],"tags":[],"class_list":["post-13660","post","type-post","status-publish","format-standard","has-post-thumbnail","hentry","category-aktualnosci"],"_links":{"self":[{"href":"https:\/\/www.sp11.gliwice.pl\/index.php?rest_route=\/wp\/v2\/posts\/13660","targetHints":{"allow":["GET"]}}],"collection":[{"href":"https:\/\/www.sp11.gliwice.pl\/index.php?rest_route=\/wp\/v2\/posts"}],"about":[{"href":"https:\/\/www.sp11.gliwice.pl\/index.php?rest_route=\/wp\/v2\/types\/post"}],"author":[{"embeddable":true,"href":"https:\/\/www.sp11.gliwice.pl\/index.php?rest_route=\/wp\/v2\/users\/3"}],"replies":[{"embeddable":true,"href":"https:\/\/www.sp11.gliwice.pl\/index.php?rest_route=%2Fwp%2Fv2%2Fcomments&post=13660"}],"version-history":[{"count":1,"href":"https:\/\/www.sp11.gliwice.pl\/index.php?rest_route=\/wp\/v2\/posts\/13660\/revisions"}],"predecessor-version":[{"id":13662,"href":"https:\/\/www.sp11.gliwice.pl\/index.php?rest_route=\/wp\/v2\/posts\/13660\/revisions\/13662"}],"wp:featuredmedia":[{"embeddable":true,"href":"https:\/\/www.sp11.gliwice.pl\/index.php?rest_route=\/wp\/v2\/media\/13661"}],"wp:attachment":[{"href":"https:\/\/www.sp11.gliwice.pl\/index.php?rest_route=%2Fwp%2Fv2%2Fmedia&parent=13660"}],"wp:term":[{"taxonomy":"category","embeddable":true,"href":"https:\/\/www.sp11.gliwice.pl\/index.php?rest_route=%2Fwp%2Fv2%2Fcategories&post=13660"},{"taxonomy":"post_tag","embeddable":true,"href":"https:\/\/www.sp11.gliwice.pl\/index.php?rest_route=%2Fwp%2Fv2%2Ftags&post=13660"}],"curies":[{"name":"wp","href":"https:\/\/api.w.org\/{rel}","templated":true}]}}