{"id":13637,"date":"2024-04-18T20:18:19","date_gmt":"2024-04-18T18:18:19","guid":{"rendered":"https:\/\/www.sp11.gliwice.pl\/?p=13637"},"modified":"2024-04-18T20:18:19","modified_gmt":"2024-04-18T18:18:19","slug":"kreatywny-tydzien-edycja-wiosna","status":"publish","type":"post","link":"https:\/\/www.sp11.gliwice.pl\/?p=13637","title":{"rendered":"Kreatywny Tydzie\u0144 &#8211; edycja WIOSNA :)"},"content":{"rendered":"<p><span style=\"color: #ff6600;\"><strong>ZAPRASZAMY DO UDZIA\u0141U W WIOSENNEJ ODS\u0141ONIE KREATYWNEGO TYGODNIA<\/strong><\/span><\/p>\n<p><span style=\"color: #000080;\"><strong>Poniedzia\u0142ek<\/strong><\/span><\/p>\n<p><span style=\"color: #000000;\">Dzie\u0144 kolorowego kapelusza- do swojego kapelusza dopnij kwiatki, kolorow\u0105 bibu\u0142\u0119, wst\u0105\u017cki i\u2026 ubierz go do szko\u0142y \ud83d\ude0a<\/span><\/p>\n<p><strong><span style=\"color: #000080;\">Wtorek<\/span><\/strong><\/p>\n<p><span style=\"color: #000000;\">\u015acie\u017cka sensoryczna- zapraszamy do udzia\u0142u klasy 1-6 (wed\u0142ug harmonogramu).<\/span><\/p>\n<p><span style=\"color: #000080;\"><strong>\u015aroda<\/strong><\/span><\/p>\n<p><span style=\"color: #000000;\">Bluzka w kwiatki, spodnie, a mo\u017ce sukienka- w \u015brod\u0119 czekamy na najbardziej kwiatowe przebrania.<\/span><\/p>\n<p><span style=\"color: #000000;\">Cicha przerwa- miejsce ciszy i relaksu.<\/span><\/p>\n<p><strong><span style=\"color: #000080;\">Czwartek<\/span><\/strong><\/p>\n<p><span style=\"color: #000000;\">Zaj\u0119cia teatralne dla klas 1-3.<\/span><\/p>\n<p><span style=\"color: #000080;\"><strong>Pi\u0105tek<\/strong><\/span><\/p>\n<p><span style=\"color: #000000;\">Dzie\u0144 bez plecaka- spakuj ksi\u0105\u017cki i przybory szkolne, ale dla tradycyjnego plecaka wymy\u015bl kreatywne zast\u0119pstwo.<\/span><\/p>\nngg_shortcode_0_placeholder\n","protected":false},"excerpt":{"rendered":"<p>ZAPRASZAMY DO UDZIA\u0141U W WIOSENNEJ ODS\u0141ONIE KREATYWNEGO TYGODNIA Poniedzia\u0142ek Dzie\u0144 kolorowego kapelusza- do swojego kapelusza dopnij kwiatki, kolorow\u0105 bibu\u0142\u0119, wst\u0105\u017cki i\u2026 ubierz go do szko\u0142y [&hellip;]<\/p>\n","protected":false},"author":3,"featured_media":13638,"comment_status":"closed","ping_status":"closed","sticky":false,"template":"","format":"standard","meta":{"ngg_post_thumbnail":0,"footnotes":""},"categories":[4],"tags":[],"class_list":["post-13637","post","type-post","status-publish","format-standard","has-post-thumbnail","hentry","category-aktualnosci"],"_links":{"self":[{"href":"https:\/\/www.sp11.gliwice.pl\/index.php?rest_route=\/wp\/v2\/posts\/13637","targetHints":{"allow":["GET"]}}],"collection":[{"href":"https:\/\/www.sp11.gliwice.pl\/index.php?rest_route=\/wp\/v2\/posts"}],"about":[{"href":"https:\/\/www.sp11.gliwice.pl\/index.php?rest_route=\/wp\/v2\/types\/post"}],"author":[{"embeddable":true,"href":"https:\/\/www.sp11.gliwice.pl\/index.php?rest_route=\/wp\/v2\/users\/3"}],"replies":[{"embeddable":true,"href":"https:\/\/www.sp11.gliwice.pl\/index.php?rest_route=%2Fwp%2Fv2%2Fcomments&post=13637"}],"version-history":[{"count":1,"href":"https:\/\/www.sp11.gliwice.pl\/index.php?rest_route=\/wp\/v2\/posts\/13637\/revisions"}],"predecessor-version":[{"id":13639,"href":"https:\/\/www.sp11.gliwice.pl\/index.php?rest_route=\/wp\/v2\/posts\/13637\/revisions\/13639"}],"wp:featuredmedia":[{"embeddable":true,"href":"https:\/\/www.sp11.gliwice.pl\/index.php?rest_route=\/wp\/v2\/media\/13638"}],"wp:attachment":[{"href":"https:\/\/www.sp11.gliwice.pl\/index.php?rest_route=%2Fwp%2Fv2%2Fmedia&parent=13637"}],"wp:term":[{"taxonomy":"category","embeddable":true,"href":"https:\/\/www.sp11.gliwice.pl\/index.php?rest_route=%2Fwp%2Fv2%2Fcategories&post=13637"},{"taxonomy":"post_tag","embeddable":true,"href":"https:\/\/www.sp11.gliwice.pl\/index.php?rest_route=%2Fwp%2Fv2%2Ftags&post=13637"}],"curies":[{"name":"wp","href":"https:\/\/api.w.org\/{rel}","templated":true}]}}