{"id":13610,"date":"2024-04-15T20:26:50","date_gmt":"2024-04-15T18:26:50","guid":{"rendered":"https:\/\/www.sp11.gliwice.pl\/?p=13610"},"modified":"2024-04-15T20:26:50","modified_gmt":"2024-04-15T18:26:50","slug":"mini-masterchef-w-wykonaniu-naszych-uczniow","status":"publish","type":"post","link":"https:\/\/www.sp11.gliwice.pl\/?p=13610","title":{"rendered":"Mini Masterchef w wykonaniu naszych uczni\u00f3w :)"},"content":{"rendered":"<p><span style=\"color: #000000;\">W dniu 10 kwietnia 2024 r. ch\u0119tni uczniowie z klasy 8a &#8211; Julia Miarecka, Jakub Lech, Nikola Babiarczyk i Wiktoria W\u00f3jcik, pod opiek\u0105 pedagoga szkolnego wzi\u0119li udzia\u0142 w Mi\u0119dzyszkolnym Konkursie Gastronomicznym dla Uczni\u00f3w Klas \u00d3smych Szk\u00f3\u0142 Podstawowych pt. &#8222;Mini Masterszef&#8221;, organizowanym z powodzeniem od wielu lat przez Centrum Kszta\u0142cenia Zawodowego i Ustawicznego nr 1 w Gliwicach. W dwuosobowych zespo\u0142ach, z ogromnym zaanga\u017cowaniem, pod czujnym okiem nauczycieli praktycznej nauki zawodu, z pomoc\u0105 opiekun\u00f3w &#8211; przewodnik\u00f3w &#8211; uczni\u00f3w tej\u017ce szko\u0142y przygotowywali wcze\u015bniej wylosowane potrawy. Tematem przewodnim tegorocznego konkursu by\u0142y pierogi. Uczniowie wykazali si\u0119 umiej\u0119tno\u015bciami kulinarnymi i pomys\u0142owo\u015bci\u0105 w podawaniu da\u0144. Przyznali, \u017ce gotowanie sprawia im przyjemno\u015b\u0107, a konkurs jest form\u0105 nie tylko dobrej zabawy, ale te\u017c sprawdzianem ich umiej\u0119tno\u015bci.Jeste\u015bmy dumni, \u017ce nasi uczniowie godnie reprezentuj\u0105 szko\u0142\u0119 nie tylko w dzia\u0142aniach edukacyjnych. Dzi\u0119kujemy Rodzicom za kszta\u0142towanie w dzieciach warto\u015bci i umiej\u0119tno\u015bci, budz\u0105cym poszanowanie w \u015brodowisku. Panu Krystianowi Szatce &#8211; Dyrektorowi CKZiU w Gliwicach oraz pracownikom, bardzo dzi\u0119kujemy za zaproszenie do udzia\u0142u w konkursie, \u015bwietn\u0105 organizacj\u0119 oraz ciep\u0142e przyj\u0119cie. Do nast\u0119pnego roku i kolejnej edycji konkursu \ud83d\ude42<\/span><\/p>\n<p style=\"text-align: right;\"><em>mgr Joanna Magiera<\/em><\/p>\nngg_shortcode_0_placeholder\n","protected":false},"excerpt":{"rendered":"<p>W dniu 10 kwietnia 2024 r. ch\u0119tni uczniowie z klasy 8a &#8211; Julia Miarecka, Jakub Lech, Nikola Babiarczyk i Wiktoria W\u00f3jcik, pod opiek\u0105 pedagoga szkolnego [&hellip;]<\/p>\n","protected":false},"author":3,"featured_media":13611,"comment_status":"closed","ping_status":"closed","sticky":false,"template":"","format":"standard","meta":{"ngg_post_thumbnail":0,"footnotes":""},"categories":[4],"tags":[],"class_list":["post-13610","post","type-post","status-publish","format-standard","has-post-thumbnail","hentry","category-aktualnosci"],"_links":{"self":[{"href":"https:\/\/www.sp11.gliwice.pl\/index.php?rest_route=\/wp\/v2\/posts\/13610","targetHints":{"allow":["GET"]}}],"collection":[{"href":"https:\/\/www.sp11.gliwice.pl\/index.php?rest_route=\/wp\/v2\/posts"}],"about":[{"href":"https:\/\/www.sp11.gliwice.pl\/index.php?rest_route=\/wp\/v2\/types\/post"}],"author":[{"embeddable":true,"href":"https:\/\/www.sp11.gliwice.pl\/index.php?rest_route=\/wp\/v2\/users\/3"}],"replies":[{"embeddable":true,"href":"https:\/\/www.sp11.gliwice.pl\/index.php?rest_route=%2Fwp%2Fv2%2Fcomments&post=13610"}],"version-history":[{"count":1,"href":"https:\/\/www.sp11.gliwice.pl\/index.php?rest_route=\/wp\/v2\/posts\/13610\/revisions"}],"predecessor-version":[{"id":13612,"href":"https:\/\/www.sp11.gliwice.pl\/index.php?rest_route=\/wp\/v2\/posts\/13610\/revisions\/13612"}],"wp:featuredmedia":[{"embeddable":true,"href":"https:\/\/www.sp11.gliwice.pl\/index.php?rest_route=\/wp\/v2\/media\/13611"}],"wp:attachment":[{"href":"https:\/\/www.sp11.gliwice.pl\/index.php?rest_route=%2Fwp%2Fv2%2Fmedia&parent=13610"}],"wp:term":[{"taxonomy":"category","embeddable":true,"href":"https:\/\/www.sp11.gliwice.pl\/index.php?rest_route=%2Fwp%2Fv2%2Fcategories&post=13610"},{"taxonomy":"post_tag","embeddable":true,"href":"https:\/\/www.sp11.gliwice.pl\/index.php?rest_route=%2Fwp%2Fv2%2Ftags&post=13610"}],"curies":[{"name":"wp","href":"https:\/\/api.w.org\/{rel}","templated":true}]}}