{"id":13576,"date":"2024-04-11T13:11:51","date_gmt":"2024-04-11T11:11:51","guid":{"rendered":"https:\/\/www.sp11.gliwice.pl\/?p=13576"},"modified":"2024-04-11T13:11:51","modified_gmt":"2024-04-11T11:11:51","slug":"konkurs-recytatorski-klas-1-3-2","status":"publish","type":"post","link":"https:\/\/www.sp11.gliwice.pl\/?p=13576","title":{"rendered":"Konkurs recytatorski klas 1-3"},"content":{"rendered":"<p><span style=\"color: #000000;\">10 kwietnia 2024 r. odby\u0142 si\u0119 Szkolny Konkurs Recytatorski dla uczni\u00f3w klas I-III, pod has\u0142em: \u201eKa\u017cde dziecko o tym wie, chcesz by\u0107 zdrowy ruszaj si\u0119\u201d.<\/span><\/p>\n<p><span style=\"color: #000000;\">Uczniowie&nbsp; prezentowali przygotowany wiersz, a komisja ocenia\u0142a odpowiedni dob\u00f3r tekstu, jego pami\u0119ciowe opanowanie, interpretacj\u0119, kultur\u0119 s\u0142owa, a tak\u017ce og\u00f3lny wyraz artystyczny. Wszystkie wyst\u0119py by\u0142y na bardzo wysokim poziomie!&nbsp; &nbsp;<\/span><\/p>\n<p><span style=\"color: #000000;\">Jury w sk\u0142adzie:<\/span><br \/>\n<span style=\"color: #000000;\">Pani Dyrektor Beata Bodnar, Pani Izabella Jureczko oraz Pani Gra\u017cyna Szel\u0105g wy\u0142oni\u0142o zwyci\u0119zc\u00f3w:<\/span><\/p>\n<p><span style=\"color: #000000;\">I miejsce- Magdalena Miarecka kl.2a<\/span><\/p>\n<p><span style=\"color: #000000;\">II miejsce- Piotr Pyka kl.1a oraz Pola Barczyk kl.3a<\/span><\/p>\n<p><span style=\"color: #000000;\">III miejsce- Kaja Straszak kl.2b<\/span><\/p>\n<p><span style=\"color: #000000;\">Wyr\u00f3\u017cnienie: Hanna Lemczak&nbsp; kl.3a oraz Zofia P\u0142oszczyca kl.3a<\/span><\/p>\n<p><span style=\"color: #000000;\">Magdalena, Piotr i Pola zaprezentuj\u0105 przygotowane utwory w kolejnym etapie konkursu, na szczeblu miejskim.<\/span><\/p>\n<p><span style=\"color: #000000;\">Trzymamy kciuki ! \ud83d\ude42<br \/>\n<\/span><\/p>\n<p style=\"text-align: right;\"><em>mgr Anna Szaradowska<\/em><\/p>\nngg_shortcode_0_placeholder\n","protected":false},"excerpt":{"rendered":"<p>10 kwietnia 2024 r. odby\u0142 si\u0119 Szkolny Konkurs Recytatorski dla uczni\u00f3w klas I-III, pod has\u0142em: \u201eKa\u017cde dziecko o tym wie, chcesz by\u0107 zdrowy ruszaj si\u0119\u201d. [&hellip;]<\/p>\n","protected":false},"author":3,"featured_media":13577,"comment_status":"closed","ping_status":"closed","sticky":false,"template":"","format":"standard","meta":{"ngg_post_thumbnail":0,"footnotes":""},"categories":[4],"tags":[],"class_list":["post-13576","post","type-post","status-publish","format-standard","has-post-thumbnail","hentry","category-aktualnosci"],"_links":{"self":[{"href":"https:\/\/www.sp11.gliwice.pl\/index.php?rest_route=\/wp\/v2\/posts\/13576","targetHints":{"allow":["GET"]}}],"collection":[{"href":"https:\/\/www.sp11.gliwice.pl\/index.php?rest_route=\/wp\/v2\/posts"}],"about":[{"href":"https:\/\/www.sp11.gliwice.pl\/index.php?rest_route=\/wp\/v2\/types\/post"}],"author":[{"embeddable":true,"href":"https:\/\/www.sp11.gliwice.pl\/index.php?rest_route=\/wp\/v2\/users\/3"}],"replies":[{"embeddable":true,"href":"https:\/\/www.sp11.gliwice.pl\/index.php?rest_route=%2Fwp%2Fv2%2Fcomments&post=13576"}],"version-history":[{"count":1,"href":"https:\/\/www.sp11.gliwice.pl\/index.php?rest_route=\/wp\/v2\/posts\/13576\/revisions"}],"predecessor-version":[{"id":13578,"href":"https:\/\/www.sp11.gliwice.pl\/index.php?rest_route=\/wp\/v2\/posts\/13576\/revisions\/13578"}],"wp:featuredmedia":[{"embeddable":true,"href":"https:\/\/www.sp11.gliwice.pl\/index.php?rest_route=\/wp\/v2\/media\/13577"}],"wp:attachment":[{"href":"https:\/\/www.sp11.gliwice.pl\/index.php?rest_route=%2Fwp%2Fv2%2Fmedia&parent=13576"}],"wp:term":[{"taxonomy":"category","embeddable":true,"href":"https:\/\/www.sp11.gliwice.pl\/index.php?rest_route=%2Fwp%2Fv2%2Fcategories&post=13576"},{"taxonomy":"post_tag","embeddable":true,"href":"https:\/\/www.sp11.gliwice.pl\/index.php?rest_route=%2Fwp%2Fv2%2Ftags&post=13576"}],"curies":[{"name":"wp","href":"https:\/\/api.w.org\/{rel}","templated":true}]}}