{"id":13514,"date":"2024-04-08T20:30:24","date_gmt":"2024-04-08T18:30:24","guid":{"rendered":"https:\/\/www.sp11.gliwice.pl\/?p=13514"},"modified":"2024-04-08T20:30:24","modified_gmt":"2024-04-08T18:30:24","slug":"dzien-marchewki","status":"publish","type":"post","link":"https:\/\/www.sp11.gliwice.pl\/?p=13514","title":{"rendered":"Dzie\u0144 Marchewki"},"content":{"rendered":"<p><span style=\"color: #ff6600;\">Dzie\u0144 Marchewki to \u015bwietny pomys\u0142 na kreatywn\u0105 zabaw\u0119 zar\u00f3wno dla maluch\u00f3w jak i starszych dzieci. Co roku obchodzony jest 4 kwietnia. To znakomita okazja do promowania zdrowych nawyk\u00f3w \u017cywieniowych oraz zwi\u0119kszenia \u015bwiadomo\u015bci na zagadnienia korzy\u015bci p\u0142yn\u0105cych z jedzenia warzyw. W tym dniu nasze przedszkolaki mia\u0142y okazj\u0119 posmakowa\u0107 \u015bwie\u017cego, pysznego soku z marchwi. Podczas zaj\u0119\u0107 dowiedzia\u0142y si\u0119 jak wiele witamin i sk\u0142adnik\u00f3w od\u017cywczych zawieraj\u0105 marchewki oraz na jak wiele sposob\u00f3w mo\u017cemy j\u0105 konsumowa\u0107. \u017beby urozmaici\u0107 ten dzie\u0144, dzieci przygotowa\u0142y tematyczne prace plastyczne. Wszyscy dobrze si\u0119 bawili i marchewk\u0119 polubili \ud83d\ude42<\/span><\/p>\n<p style=\"text-align: right;\"><em>mgr Katarzyna P\u0142onka<\/em><\/p>\nngg_shortcode_0_placeholder\n","protected":false},"excerpt":{"rendered":"<p>Dzie\u0144 Marchewki to \u015bwietny pomys\u0142 na kreatywn\u0105 zabaw\u0119 zar\u00f3wno dla maluch\u00f3w jak i starszych dzieci. Co roku obchodzony jest 4 kwietnia. To znakomita okazja do [&hellip;]<\/p>\n","protected":false},"author":3,"featured_media":13515,"comment_status":"closed","ping_status":"closed","sticky":false,"template":"","format":"standard","meta":{"ngg_post_thumbnail":0,"footnotes":""},"categories":[4],"tags":[],"class_list":["post-13514","post","type-post","status-publish","format-standard","has-post-thumbnail","hentry","category-aktualnosci"],"_links":{"self":[{"href":"https:\/\/www.sp11.gliwice.pl\/index.php?rest_route=\/wp\/v2\/posts\/13514","targetHints":{"allow":["GET"]}}],"collection":[{"href":"https:\/\/www.sp11.gliwice.pl\/index.php?rest_route=\/wp\/v2\/posts"}],"about":[{"href":"https:\/\/www.sp11.gliwice.pl\/index.php?rest_route=\/wp\/v2\/types\/post"}],"author":[{"embeddable":true,"href":"https:\/\/www.sp11.gliwice.pl\/index.php?rest_route=\/wp\/v2\/users\/3"}],"replies":[{"embeddable":true,"href":"https:\/\/www.sp11.gliwice.pl\/index.php?rest_route=%2Fwp%2Fv2%2Fcomments&post=13514"}],"version-history":[{"count":1,"href":"https:\/\/www.sp11.gliwice.pl\/index.php?rest_route=\/wp\/v2\/posts\/13514\/revisions"}],"predecessor-version":[{"id":13516,"href":"https:\/\/www.sp11.gliwice.pl\/index.php?rest_route=\/wp\/v2\/posts\/13514\/revisions\/13516"}],"wp:featuredmedia":[{"embeddable":true,"href":"https:\/\/www.sp11.gliwice.pl\/index.php?rest_route=\/wp\/v2\/media\/13515"}],"wp:attachment":[{"href":"https:\/\/www.sp11.gliwice.pl\/index.php?rest_route=%2Fwp%2Fv2%2Fmedia&parent=13514"}],"wp:term":[{"taxonomy":"category","embeddable":true,"href":"https:\/\/www.sp11.gliwice.pl\/index.php?rest_route=%2Fwp%2Fv2%2Fcategories&post=13514"},{"taxonomy":"post_tag","embeddable":true,"href":"https:\/\/www.sp11.gliwice.pl\/index.php?rest_route=%2Fwp%2Fv2%2Ftags&post=13514"}],"curies":[{"name":"wp","href":"https:\/\/api.w.org\/{rel}","templated":true}]}}