{"id":13475,"date":"2024-03-28T23:52:17","date_gmt":"2024-03-28T22:52:17","guid":{"rendered":"https:\/\/www.sp11.gliwice.pl\/?p=13475"},"modified":"2024-03-28T23:52:17","modified_gmt":"2024-03-28T22:52:17","slug":"brawo-julka","status":"publish","type":"post","link":"https:\/\/www.sp11.gliwice.pl\/?p=13475","title":{"rendered":"Brawo Julka ! :)"},"content":{"rendered":"<p><span style=\"color: #000000;\">27 marca 2024r. w VIII Liceum Og\u00f3lnokszta\u0142c\u0105cym w Gliwicach odby\u0142a si\u0119 VI edycja mi\u0119dzyszkolnego konkursu Master of English Grammar czyli Mistrz Gramatyki Angielskiej. W konkursie wzi\u0119li udzia\u0142 uczniowie klas \u00f3smych gliwickich szk\u00f3\u0142 podstawowych (ka\u017cda szko\u0142a mog\u0142a zg\u0142osi\u0107 3 uczestnik\u00f3w z klas 8).<\/span><br \/>\n<span style=\"color: #000000;\">Nasz\u0105 szko\u0142\u0119 reprezentowali: Julia Miarecka, Weronika Sobocka oraz Miko\u0142aj Siwo\u0144. Konkurencja by\u0142a du\u017ca, a nasza uczennica \u2013 Julia Miarecka zdoby\u0142a II MIEJSCE.<\/span><br \/>\n<span style=\"color: #000000;\">WIELKIE GRATULACJE DLA JULKI!<\/span><\/p>\n<p style=\"text-align: right;\"><em>mgr Alicja Cielesta<\/em><\/p>\nngg_shortcode_0_placeholder\n","protected":false},"excerpt":{"rendered":"<p>27 marca 2024r. w VIII Liceum Og\u00f3lnokszta\u0142c\u0105cym w Gliwicach odby\u0142a si\u0119 VI edycja mi\u0119dzyszkolnego konkursu Master of English Grammar czyli Mistrz Gramatyki Angielskiej. W konkursie [&hellip;]<\/p>\n","protected":false},"author":3,"featured_media":13476,"comment_status":"closed","ping_status":"closed","sticky":false,"template":"","format":"standard","meta":{"ngg_post_thumbnail":0,"footnotes":""},"categories":[4],"tags":[],"class_list":["post-13475","post","type-post","status-publish","format-standard","has-post-thumbnail","hentry","category-aktualnosci"],"_links":{"self":[{"href":"https:\/\/www.sp11.gliwice.pl\/index.php?rest_route=\/wp\/v2\/posts\/13475","targetHints":{"allow":["GET"]}}],"collection":[{"href":"https:\/\/www.sp11.gliwice.pl\/index.php?rest_route=\/wp\/v2\/posts"}],"about":[{"href":"https:\/\/www.sp11.gliwice.pl\/index.php?rest_route=\/wp\/v2\/types\/post"}],"author":[{"embeddable":true,"href":"https:\/\/www.sp11.gliwice.pl\/index.php?rest_route=\/wp\/v2\/users\/3"}],"replies":[{"embeddable":true,"href":"https:\/\/www.sp11.gliwice.pl\/index.php?rest_route=%2Fwp%2Fv2%2Fcomments&post=13475"}],"version-history":[{"count":1,"href":"https:\/\/www.sp11.gliwice.pl\/index.php?rest_route=\/wp\/v2\/posts\/13475\/revisions"}],"predecessor-version":[{"id":13477,"href":"https:\/\/www.sp11.gliwice.pl\/index.php?rest_route=\/wp\/v2\/posts\/13475\/revisions\/13477"}],"wp:featuredmedia":[{"embeddable":true,"href":"https:\/\/www.sp11.gliwice.pl\/index.php?rest_route=\/wp\/v2\/media\/13476"}],"wp:attachment":[{"href":"https:\/\/www.sp11.gliwice.pl\/index.php?rest_route=%2Fwp%2Fv2%2Fmedia&parent=13475"}],"wp:term":[{"taxonomy":"category","embeddable":true,"href":"https:\/\/www.sp11.gliwice.pl\/index.php?rest_route=%2Fwp%2Fv2%2Fcategories&post=13475"},{"taxonomy":"post_tag","embeddable":true,"href":"https:\/\/www.sp11.gliwice.pl\/index.php?rest_route=%2Fwp%2Fv2%2Ftags&post=13475"}],"curies":[{"name":"wp","href":"https:\/\/api.w.org\/{rel}","templated":true}]}}