{"id":13457,"date":"2024-03-28T23:37:19","date_gmt":"2024-03-28T22:37:19","guid":{"rendered":"https:\/\/www.sp11.gliwice.pl\/?p=13457"},"modified":"2024-03-28T23:37:46","modified_gmt":"2024-03-28T22:37:46","slug":"13457","status":"publish","type":"post","link":"https:\/\/www.sp11.gliwice.pl\/?p=13457","title":{"rendered":"Konkurs rodzinny &#8211; Moja ulubiona pora roku"},"content":{"rendered":"<p><span style=\"color: #000000;\">Pod koniec marca zorganizowano w naszym przedszkolu Rodzinny konkurs plastyczny pt.&#8221; Moja ulubiona pora roku&#8221;.&nbsp;<\/span><\/p>\n<div dir=\"auto\"><span style=\"color: #000000;\">Jurry pod przewodnictwem p.Dyrektora przyzna\u0142o:&nbsp;<\/span><\/div>\n<div dir=\"auto\"><span style=\"color: #000000;\">I miejsce &#8211; Zofia Bartoszek- Motylki<\/span><\/div>\n<div dir=\"auto\"><span style=\"color: #000000;\">II miejsce &#8211; Franciszek Bartoszek- Misie<\/span><\/div>\n<div dir=\"auto\"><span style=\"color: #000000;\">III miejsce &#8211; Kornelia Krawiec- Puchatki<\/span><\/div>\n<div dir=\"auto\"><span style=\"color: #000000;\">Wyr\u00f3\u017cnienie specjalne &#8211; Kacper Boruta &#8211; \u017babki<\/span><\/div>\n<div dir=\"auto\"><span style=\"color: #000000;\">Ponadto to, w konkursie wzi\u0119li udzia\u0142:<\/span><\/div>\n<div dir=\"auto\"><span style=\"color: #000000;\">&#8211; Jagoda Desperak &#8211; Motylki<\/span><\/div>\n<div dir=\"auto\"><span style=\"color: #000000;\">&#8211; Nina Lewicka &#8211; Puchatki<\/span><\/div>\n<div dir=\"auto\"><span style=\"color: #000000;\">&#8211; Filip Pierzcha\u0142a &#8211; \u017babki<\/span><\/div>\n<div dir=\"auto\"><span style=\"color: #000000;\">Wszystkim gor\u0105co gratulujemy!!! \ud83d\ude42<br \/>\n<\/span><\/div>\n<div dir=\"auto\" style=\"text-align: right;\"><em>mgr Cecylia Pierzcha\u0142a<\/em><\/div>\n<div dir=\"auto\">ngg_shortcode_0_placeholder<\/div>\n","protected":false},"excerpt":{"rendered":"<p>Pod koniec marca zorganizowano w naszym przedszkolu Rodzinny konkurs plastyczny pt.&#8221; Moja ulubiona pora roku&#8221;.&nbsp; Jurry pod przewodnictwem p.Dyrektora przyzna\u0142o:&nbsp; I miejsce &#8211; Zofia Bartoszek- [&hellip;]<\/p>\n","protected":false},"author":3,"featured_media":13458,"comment_status":"closed","ping_status":"closed","sticky":false,"template":"","format":"standard","meta":{"ngg_post_thumbnail":0,"footnotes":""},"categories":[4],"tags":[],"class_list":["post-13457","post","type-post","status-publish","format-standard","has-post-thumbnail","hentry","category-aktualnosci"],"_links":{"self":[{"href":"https:\/\/www.sp11.gliwice.pl\/index.php?rest_route=\/wp\/v2\/posts\/13457","targetHints":{"allow":["GET"]}}],"collection":[{"href":"https:\/\/www.sp11.gliwice.pl\/index.php?rest_route=\/wp\/v2\/posts"}],"about":[{"href":"https:\/\/www.sp11.gliwice.pl\/index.php?rest_route=\/wp\/v2\/types\/post"}],"author":[{"embeddable":true,"href":"https:\/\/www.sp11.gliwice.pl\/index.php?rest_route=\/wp\/v2\/users\/3"}],"replies":[{"embeddable":true,"href":"https:\/\/www.sp11.gliwice.pl\/index.php?rest_route=%2Fwp%2Fv2%2Fcomments&post=13457"}],"version-history":[{"count":2,"href":"https:\/\/www.sp11.gliwice.pl\/index.php?rest_route=\/wp\/v2\/posts\/13457\/revisions"}],"predecessor-version":[{"id":13460,"href":"https:\/\/www.sp11.gliwice.pl\/index.php?rest_route=\/wp\/v2\/posts\/13457\/revisions\/13460"}],"wp:featuredmedia":[{"embeddable":true,"href":"https:\/\/www.sp11.gliwice.pl\/index.php?rest_route=\/wp\/v2\/media\/13458"}],"wp:attachment":[{"href":"https:\/\/www.sp11.gliwice.pl\/index.php?rest_route=%2Fwp%2Fv2%2Fmedia&parent=13457"}],"wp:term":[{"taxonomy":"category","embeddable":true,"href":"https:\/\/www.sp11.gliwice.pl\/index.php?rest_route=%2Fwp%2Fv2%2Fcategories&post=13457"},{"taxonomy":"post_tag","embeddable":true,"href":"https:\/\/www.sp11.gliwice.pl\/index.php?rest_route=%2Fwp%2Fv2%2Ftags&post=13457"}],"curies":[{"name":"wp","href":"https:\/\/api.w.org\/{rel}","templated":true}]}}